{"id":1026,"date":"2011-01-19T22:07:22","date_gmt":"2011-01-19T22:07:22","guid":{"rendered":"http:\/\/www.adavaveiro.org\/?p=1026"},"modified":"2011-01-19T22:08:16","modified_gmt":"2011-01-19T22:08:16","slug":"preparacao-para-o-parto-2","status":"publish","type":"post","link":"https:\/\/www.adavaveiro.org\/?p=1026","title":{"rendered":"prepara\u00e7\u00e3o para o parto"},"content":{"rendered":"<p>No <em>Di\u00e1rio de Aveiro<\/em> de s\u00e1bado, dia 15 de janeiro 2011, na 2.\u00aa p\u00e1gina, com direito a fotografia a cores, foi dada a not\u00edcia das aulas de prepara\u00e7\u00e3o para o parto. S\u00f3 foi pena que n\u00e3o fosse referido o nome da ADAV Aveiro.<\/p>\n<p><a rel=\"attachment wp-att-1022\" href=\"http:\/\/www.adavaveiro.org\/?attachment_id=1022\"><img loading=\"lazy\" decoding=\"async\" class=\"aligncenter size-thumbnail wp-image-1022\" title=\"preparacao para o parto_DA_janeiro2011\" src=\"http:\/\/www.adavaveiro.org\/wp-content\/uploads\/2011\/01\/preparacao-para-o-parto_DA_janeiro20111-260x164.jpg\" alt=\"\" width=\"260\" height=\"164\" srcset=\"https:\/\/www.adavaveiro.org\/wp-content\/uploads\/2011\/01\/preparacao-para-o-parto_DA_janeiro20111-260x164.jpg 260w, https:\/\/www.adavaveiro.org\/wp-content\/uploads\/2011\/01\/preparacao-para-o-parto_DA_janeiro20111-300x190.jpg 300w, https:\/\/www.adavaveiro.org\/wp-content\/uploads\/2011\/01\/preparacao-para-o-parto_DA_janeiro20111.jpg 874w\" sizes=\"auto, (max-width: 260px) 100vw, 260px\" \/><\/a><\/p>\n","protected":false},"excerpt":{"rendered":"<p>No Di\u00e1rio de Aveiro de s\u00e1bado, dia 15 de janeiro 2011, na 2.\u00aa p\u00e1gina, com direito a fotografia a cores, foi dada a not\u00edcia das aulas de prepara\u00e7\u00e3o para o parto. S\u00f3 foi pena que n\u00e3o fosse referido o nome &hellip; <a href=\"https:\/\/www.adavaveiro.org\/?p=1026\">Continuar a ler <span class=\"meta-nav\">&rarr;<\/span><\/a><\/p>\n","protected":false},"author":1,"featured_media":0,"comment_status":"closed","ping_status":"open","sticky":false,"template":"","format":"standard","meta":{"footnotes":""},"categories":[20],"tags":[],"class_list":["post-1026","post","type-post","status-publish","format-standard","hentry","category-informacao"],"_links":{"self":[{"href":"https:\/\/www.adavaveiro.org\/index.php?rest_route=\/wp\/v2\/posts\/1026","targetHints":{"allow":["GET"]}}],"collection":[{"href":"https:\/\/www.adavaveiro.org\/index.php?rest_route=\/wp\/v2\/posts"}],"about":[{"href":"https:\/\/www.adavaveiro.org\/index.php?rest_route=\/wp\/v2\/types\/post"}],"author":[{"embeddable":true,"href":"https:\/\/www.adavaveiro.org\/index.php?rest_route=\/wp\/v2\/users\/1"}],"replies":[{"embeddable":true,"href":"https:\/\/www.adavaveiro.org\/index.php?rest_route=%2Fwp%2Fv2%2Fcomments&post=1026"}],"version-history":[{"count":4,"href":"https:\/\/www.adavaveiro.org\/index.php?rest_route=\/wp\/v2\/posts\/1026\/revisions"}],"predecessor-version":[{"id":1030,"href":"https:\/\/www.adavaveiro.org\/index.php?rest_route=\/wp\/v2\/posts\/1026\/revisions\/1030"}],"wp:attachment":[{"href":"https:\/\/www.adavaveiro.org\/index.php?rest_route=%2Fwp%2Fv2%2Fmedia&parent=1026"}],"wp:term":[{"taxonomy":"category","embeddable":true,"href":"https:\/\/www.adavaveiro.org\/index.php?rest_route=%2Fwp%2Fv2%2Fcategories&post=1026"},{"taxonomy":"post_tag","embeddable":true,"href":"https:\/\/www.adavaveiro.org\/index.php?rest_route=%2Fwp%2Fv2%2Ftags&post=1026"}],"curies":[{"name":"wp","href":"https:\/\/api.w.org\/{rel}","templated":true}]}}