{"id":1031,"date":"2011-01-22T11:39:55","date_gmt":"2011-01-22T11:39:55","guid":{"rendered":"http:\/\/www.adavaveiro.org\/?p=1031"},"modified":"2011-04-21T17:45:36","modified_gmt":"2011-04-21T17:45:36","slug":"12-adolescentes-por-dia-dao-a-luz","status":"publish","type":"post","link":"https:\/\/www.adavaveiro.org\/?p=1031","title":{"rendered":"12 adolescentes por dia d\u00e3o \u00e0 luz"},"content":{"rendered":"<h5 style=\"text-align: center;\"><a rel=\"attachment wp-att-1033\" href=\"http:\/\/www.adavaveiro.org\/?attachment_id=1033\"><img loading=\"lazy\" decoding=\"async\" class=\"aligncenter size-thumbnail wp-image-1033\" title=\"foto manuel roberto_publico_20jan2011\" src=\"http:\/\/www.adavaveiro.org\/wp-content\/uploads\/2011\/01\/foto-manuel-roberto_publico_20jan2011-260x173.jpg\" alt=\"\" width=\"260\" height=\"173\" srcset=\"https:\/\/www.adavaveiro.org\/wp-content\/uploads\/2011\/01\/foto-manuel-roberto_publico_20jan2011-260x173.jpg 260w, https:\/\/www.adavaveiro.org\/wp-content\/uploads\/2011\/01\/foto-manuel-roberto_publico_20jan2011-300x199.jpg 300w, https:\/\/www.adavaveiro.org\/wp-content\/uploads\/2011\/01\/foto-manuel-roberto_publico_20jan2011.jpg 350w\" sizes=\"auto, (max-width: 260px) 100vw, 260px\" \/><\/a>Em 2009, nasceram mais de 4300 beb\u00e9s de m\u00e3es adolescentes<br \/>\n(Foto: Manuel Roberto &#8211; P\u00fablico)<\/h5>\n<p>O <a title=\"m\u00e3es adolescentes\" href=\"http:\/\/www.publico.pt\/Sociedade\/uma-media-de-12-adolescentes-dao-a-luz-todos-os-dias-em-portugal_1476391?all=1\" target=\"_blank\"><em>P\u00fablico<\/em><\/a> de 20 de janeiro de 2011 apresenta uma reportagem sobre a gravidez adolescente.<\/p>\n<p>A ler e a ler tamb\u00e9m os coment\u00e1rios de leitores que por l\u00e1 se fazem: n\u00e3o \u00e9 por falta de informa\u00e7\u00e3o que a maior parte das raparigas fica gr\u00e1vida. A &#8220;mat\u00e9ria&#8221; \u00e9 estudada na escola nas aulas de Ci\u00eancias Naturais. O problema \u00e9 mais profundo: projeto de vida? engravidar!<\/p>\n<p>Para refletir!<\/p>\n<p>artigo completo <a title=\"ONu\" href=\"http:\/\/www.adavaveiro.org\/?page_id=1049\">aqui<\/a><\/p>\n","protected":false},"excerpt":{"rendered":"<p>Em 2009, nasceram mais de 4300 beb\u00e9s de m\u00e3es adolescentes (Foto: Manuel Roberto &#8211; P\u00fablico) O P\u00fablico de 20 de janeiro de 2011 apresenta uma reportagem sobre a gravidez adolescente. A ler e a ler tamb\u00e9m os coment\u00e1rios de leitores &hellip; <a href=\"https:\/\/www.adavaveiro.org\/?p=1031\">Continuar a ler <span class=\"meta-nav\">&rarr;<\/span><\/a><\/p>\n","protected":false},"author":1,"featured_media":0,"comment_status":"closed","ping_status":"open","sticky":false,"template":"","format":"standard","meta":{"footnotes":""},"categories":[20,9],"tags":[],"class_list":["post-1031","post","type-post","status-publish","format-standard","hentry","category-informacao","category-refletir"],"_links":{"self":[{"href":"https:\/\/www.adavaveiro.org\/index.php?rest_route=\/wp\/v2\/posts\/1031","targetHints":{"allow":["GET"]}}],"collection":[{"href":"https:\/\/www.adavaveiro.org\/index.php?rest_route=\/wp\/v2\/posts"}],"about":[{"href":"https:\/\/www.adavaveiro.org\/index.php?rest_route=\/wp\/v2\/types\/post"}],"author":[{"embeddable":true,"href":"https:\/\/www.adavaveiro.org\/index.php?rest_route=\/wp\/v2\/users\/1"}],"replies":[{"embeddable":true,"href":"https:\/\/www.adavaveiro.org\/index.php?rest_route=%2Fwp%2Fv2%2Fcomments&post=1031"}],"version-history":[{"count":14,"href":"https:\/\/www.adavaveiro.org\/index.php?rest_route=\/wp\/v2\/posts\/1031\/revisions"}],"predecessor-version":[{"id":1534,"href":"https:\/\/www.adavaveiro.org\/index.php?rest_route=\/wp\/v2\/posts\/1031\/revisions\/1534"}],"wp:attachment":[{"href":"https:\/\/www.adavaveiro.org\/index.php?rest_route=%2Fwp%2Fv2%2Fmedia&parent=1031"}],"wp:term":[{"taxonomy":"category","embeddable":true,"href":"https:\/\/www.adavaveiro.org\/index.php?rest_route=%2Fwp%2Fv2%2Fcategories&post=1031"},{"taxonomy":"post_tag","embeddable":true,"href":"https:\/\/www.adavaveiro.org\/index.php?rest_route=%2Fwp%2Fv2%2Ftags&post=1031"}],"curies":[{"name":"wp","href":"https:\/\/api.w.org\/{rel}","templated":true}]}}