{"id":1107,"date":"2011-01-29T17:22:10","date_gmt":"2011-01-29T17:22:10","guid":{"rendered":"http:\/\/www.adavaveiro.org\/?p=1107"},"modified":"2011-04-21T17:45:29","modified_gmt":"2011-04-21T17:45:29","slug":"uma-resposta-em-sociedade-para-uma-necessidade-da-sociedade","status":"publish","type":"post","link":"https:\/\/www.adavaveiro.org\/?p=1107","title":{"rendered":"Uma resposta em sociedade para uma necessidade da sociedade"},"content":{"rendered":"<p><a rel=\"attachment wp-att-1102\" href=\"http:\/\/www.adavaveiro.org\/?attachment_id=1102\"><img loading=\"lazy\" decoding=\"async\" class=\"size-thumbnail wp-image-1102 alignleft\" title=\"bebe ao colo\" src=\"http:\/\/www.adavaveiro.org\/wp-content\/uploads\/2011\/01\/bebe-ao-colo-193x260.jpg\" alt=\"\" width=\"193\" height=\"260\" srcset=\"https:\/\/www.adavaveiro.org\/wp-content\/uploads\/2011\/01\/bebe-ao-colo-193x260.jpg 193w, https:\/\/www.adavaveiro.org\/wp-content\/uploads\/2011\/01\/bebe-ao-colo-223x300.jpg 223w, https:\/\/www.adavaveiro.org\/wp-content\/uploads\/2011\/01\/bebe-ao-colo.jpg 250w\" sizes=\"auto, (max-width: 193px) 100vw, 193px\" \/><\/a>Decorreram dez anos desde que a ADAV \u2013 Aveiro foi fundada, como resposta a uma necessidade sentida como urgente. Dois anos tinham decorrido desde a realiza\u00e7\u00e3o do primeiro referendo sobre o aborto e muitos firmavam a sua argumenta\u00e7\u00e3o a favor da liberaliza\u00e7\u00e3o desta pr\u00e1tica na convic\u00e7\u00e3o de que a sociedade n\u00e3o tinha respostas para as mulheres gr\u00e1vidas que, por qualquer motivo, se encontravam em situa\u00e7\u00e3o de risco.<br \/>\nFace \u00e0 prem\u00eancia de tal desafio, muitos foram os que uniram os seus esfor\u00e7os no sentido de organizar uma resposta estruturada para tal necessidade.<\/p>\n<p>(&#8230;) Ent\u00e3o, como hoje, a ADAV sublinhou que s\u00f3 uma sociedade que protege os mais fr\u00e1geis, seja a m\u00e3e desamparada ou abandonada, seja o filho sem voz nem rosto, pode aspirar a um futuro promissor. S\u00f3 com pol\u00edticas de protec\u00e7\u00e3o \u00e0 maternidade e paternidade co-respons\u00e1veis pode, efectivamente, combater-se a invers\u00e3o da pir\u00e2mide et\u00e1ria que tem feito perigar os sistemas de seguran\u00e7a social e, com eles, o futuro do Estado Social.<\/p>\n<p><a href=\"http:\/\/www.adavaveiro.org\/?page_id=1098\" target=\"_self\">Ler o artigo completo<\/a><\/p>\n","protected":false},"excerpt":{"rendered":"<p>Decorreram dez anos desde que a ADAV \u2013 Aveiro foi fundada, como resposta a uma necessidade sentida como urgente. Dois anos tinham decorrido desde a realiza\u00e7\u00e3o do primeiro referendo sobre o aborto e muitos firmavam a sua argumenta\u00e7\u00e3o a favor &hellip; <a href=\"https:\/\/www.adavaveiro.org\/?p=1107\">Continuar a ler <span class=\"meta-nav\">&rarr;<\/span><\/a><\/p>\n","protected":false},"author":1,"featured_media":0,"comment_status":"closed","ping_status":"open","sticky":false,"template":"","format":"standard","meta":{"footnotes":""},"categories":[9],"tags":[],"class_list":["post-1107","post","type-post","status-publish","format-standard","hentry","category-refletir"],"_links":{"self":[{"href":"https:\/\/www.adavaveiro.org\/index.php?rest_route=\/wp\/v2\/posts\/1107","targetHints":{"allow":["GET"]}}],"collection":[{"href":"https:\/\/www.adavaveiro.org\/index.php?rest_route=\/wp\/v2\/posts"}],"about":[{"href":"https:\/\/www.adavaveiro.org\/index.php?rest_route=\/wp\/v2\/types\/post"}],"author":[{"embeddable":true,"href":"https:\/\/www.adavaveiro.org\/index.php?rest_route=\/wp\/v2\/users\/1"}],"replies":[{"embeddable":true,"href":"https:\/\/www.adavaveiro.org\/index.php?rest_route=%2Fwp%2Fv2%2Fcomments&post=1107"}],"version-history":[{"count":21,"href":"https:\/\/www.adavaveiro.org\/index.php?rest_route=\/wp\/v2\/posts\/1107\/revisions"}],"predecessor-version":[{"id":1532,"href":"https:\/\/www.adavaveiro.org\/index.php?rest_route=\/wp\/v2\/posts\/1107\/revisions\/1532"}],"wp:attachment":[{"href":"https:\/\/www.adavaveiro.org\/index.php?rest_route=%2Fwp%2Fv2%2Fmedia&parent=1107"}],"wp:term":[{"taxonomy":"category","embeddable":true,"href":"https:\/\/www.adavaveiro.org\/index.php?rest_route=%2Fwp%2Fv2%2Fcategories&post=1107"},{"taxonomy":"post_tag","embeddable":true,"href":"https:\/\/www.adavaveiro.org\/index.php?rest_route=%2Fwp%2Fv2%2Ftags&post=1107"}],"curies":[{"name":"wp","href":"https:\/\/api.w.org\/{rel}","templated":true}]}}