{"id":1192,"date":"2011-02-12T14:19:32","date_gmt":"2011-02-12T14:19:32","guid":{"rendered":"http:\/\/www.adavaveiro.org\/?p=1192"},"modified":"2011-04-21T17:45:13","modified_gmt":"2011-04-21T17:45:13","slug":"registar-o-seu-bebe","status":"publish","type":"post","link":"https:\/\/www.adavaveiro.org\/?p=1192","title":{"rendered":"registar o seu beb\u00e9"},"content":{"rendered":"<p style=\"text-align: center;\"><a rel=\"attachment wp-att-1193\" href=\"http:\/\/www.adavaveiro.org\/?attachment_id=1193\"><img loading=\"lazy\" decoding=\"async\" class=\"aligncenter size-thumbnail wp-image-1193\" title=\"escrever\" src=\"http:\/\/www.adavaveiro.org\/wp-content\/uploads\/2011\/02\/escrever-250x260.gif\" alt=\"\" width=\"125\" height=\"130\" srcset=\"https:\/\/www.adavaveiro.org\/wp-content\/uploads\/2011\/02\/escrever-250x260.gif 250w, https:\/\/www.adavaveiro.org\/wp-content\/uploads\/2011\/02\/escrever.gif 264w\" sizes=\"auto, (max-width: 125px) 100vw, 125px\" \/><\/a><\/p>\n<p>Recordo a este prop\u00f3sito o primeiro caso que atendi na ADAV. Tratava-se de uma jovem, 17 anos, gr\u00e1vida de poucas semanas, que para al\u00e9m do receio que tinha de \u201cenfrentar\u201d os pais, estava perdida, pois o pai do seu filho j\u00e1 n\u00e3o era seu namorado e n\u00e3o pretendia assumir a paternidade. Sem emprego, sem a estabilidade de uma rela\u00e7\u00e3o e convicta de que o aborto n\u00e3o era solu\u00e7\u00e3o, pediu ajuda. Muitos casos semelhantes entretanto foram surgindo.<\/p>\n<p>Na verdade, todos t\u00eam direito a ter uma m\u00e3e e um pai, e a conhecer a identifica\u00e7\u00e3o deste, independentemente de qualquer acto volunt\u00e1rio da sua parte. O registo do nascimento \u00e9 obrigat\u00f3rio podendo ser efectuado na conservat\u00f3ria do registo civil (at\u00e9 20 dias ap\u00f3s o nascimento) ou na unidade sa\u00fade onde o beb\u00e9 nas\u00e7a (at\u00e9 \u00e0 data da alta da parturiente) atrav\u00e9s do servi\u00e7o Nascer Cidad\u00e3o, dispon\u00edvel j\u00e1 em mais de 45 unidades de sa\u00fade, espalhadas pelo territ\u00f3rio continental e pelo arquip\u00e9lago dos A\u00e7ores.<\/p>\n<p><a href=\"http:\/\/www.adavaveiro.org\/?page_id=1175\">ler o artigo completo<\/a><\/p>\n","protected":false},"excerpt":{"rendered":"<p>Recordo a este prop\u00f3sito o primeiro caso que atendi na ADAV. Tratava-se de uma jovem, 17 anos, gr\u00e1vida de poucas semanas, que para al\u00e9m do receio que tinha de \u201cenfrentar\u201d os pais, estava perdida, pois o pai do seu filho &hellip; <a href=\"https:\/\/www.adavaveiro.org\/?p=1192\">Continuar a ler <span class=\"meta-nav\">&rarr;<\/span><\/a><\/p>\n","protected":false},"author":1,"featured_media":0,"comment_status":"closed","ping_status":"open","sticky":false,"template":"","format":"standard","meta":{"footnotes":""},"categories":[20],"tags":[],"class_list":["post-1192","post","type-post","status-publish","format-standard","hentry","category-informacao"],"_links":{"self":[{"href":"https:\/\/www.adavaveiro.org\/index.php?rest_route=\/wp\/v2\/posts\/1192","targetHints":{"allow":["GET"]}}],"collection":[{"href":"https:\/\/www.adavaveiro.org\/index.php?rest_route=\/wp\/v2\/posts"}],"about":[{"href":"https:\/\/www.adavaveiro.org\/index.php?rest_route=\/wp\/v2\/types\/post"}],"author":[{"embeddable":true,"href":"https:\/\/www.adavaveiro.org\/index.php?rest_route=\/wp\/v2\/users\/1"}],"replies":[{"embeddable":true,"href":"https:\/\/www.adavaveiro.org\/index.php?rest_route=%2Fwp%2Fv2%2Fcomments&post=1192"}],"version-history":[{"count":9,"href":"https:\/\/www.adavaveiro.org\/index.php?rest_route=\/wp\/v2\/posts\/1192\/revisions"}],"predecessor-version":[{"id":1527,"href":"https:\/\/www.adavaveiro.org\/index.php?rest_route=\/wp\/v2\/posts\/1192\/revisions\/1527"}],"wp:attachment":[{"href":"https:\/\/www.adavaveiro.org\/index.php?rest_route=%2Fwp%2Fv2%2Fmedia&parent=1192"}],"wp:term":[{"taxonomy":"category","embeddable":true,"href":"https:\/\/www.adavaveiro.org\/index.php?rest_route=%2Fwp%2Fv2%2Fcategories&post=1192"},{"taxonomy":"post_tag","embeddable":true,"href":"https:\/\/www.adavaveiro.org\/index.php?rest_route=%2Fwp%2Fv2%2Ftags&post=1192"}],"curies":[{"name":"wp","href":"https:\/\/api.w.org\/{rel}","templated":true}]}}