{"id":1201,"date":"2011-02-12T14:24:39","date_gmt":"2011-02-12T14:24:39","guid":{"rendered":"http:\/\/www.adavaveiro.org\/?p=1201"},"modified":"2011-04-21T17:45:07","modified_gmt":"2011-04-21T17:45:07","slug":"mercados-de-milhoes-e-o-nosso-mercado","status":"publish","type":"post","link":"https:\/\/www.adavaveiro.org\/?p=1201","title":{"rendered":"Mercados de milh\u00f5es e o nosso mercado"},"content":{"rendered":"<p><a rel=\"attachment wp-att-1203\" href=\"http:\/\/www.adavaveiro.org\/?attachment_id=1203\"><img loading=\"lazy\" decoding=\"async\" class=\"aligncenter size-thumbnail wp-image-1203\" title=\"reuniao\" src=\"http:\/\/www.adavaveiro.org\/wp-content\/uploads\/2011\/02\/reuniao-260x166.jpg\" alt=\"\" width=\"260\" height=\"166\" \/><\/a><\/p>\n<p>Nunca tanto como agora a palavra \u201cMercado\u201d se encontra no nosso l\u00e9xico di\u00e1rio. Mesmo n\u00e3o o utilizando, basta ligar uma televis\u00e3o ou um r\u00e1dio \u00e0 hora de um notici\u00e1rio. H\u00e1 mercados virtuais, h\u00e1 mercados em que as trocas comerciais n\u00e3o se fazem entre pessoas f\u00edsicas, mas sim jur\u00eddicas. Hoje, n\u00e3o preciso de conhecer com quem fa\u00e7o a troca. O melhor \u00e9 at\u00e9 n\u00e3o conhecer, diz-se. Os mercados est\u00e3o doentes, ouve-se dizer.<\/p>\n<p>Longe destes mercados de milh\u00f5es est\u00e3o os mercados de proximidade. E um destes \u00e9 o Mercado de Santiago, em Aveiro. No Mercado de Santiago n\u00e3o se vendem s\u00f3 frutas e hortali\u00e7as, troca-se muito mais: troca-se solidariedade! S\u00e3o v\u00e1rias as Institui\u00e7\u00f5es Particulares de Solidariedade Social (IPSS) e outras Associa\u00e7\u00f5es de cidad\u00e3os que aqui prestam o seu servi\u00e7o, seja a quem d\u00e1, seja a quem recebe. A ADASCA \u2013 Associa\u00e7\u00e3o de Dadores de Sangue de Aveiro, a Rouparia Solid\u00e1ria da Par\u00f3quia da Gl\u00f3ria, a APSIC &#8211; Associa\u00e7\u00e3o de Apoio e Acompanhamento Psicol\u00f3gico \u00e0 Crian\u00e7a, a Casa de Acolhimento da Par\u00f3quia da Gl\u00f3ria e a ADAV \u2013 Associa\u00e7\u00e3o de Defesa e Apoio da Vida s\u00e3o, entre outras, algumas das entidades a\u00ed sedeadas. Prestam \u00e0 comunidade um servi\u00e7o de inestim\u00e1vel valor. S\u00e3o um mercado dentro do Mercado, trocando o apoio aos mais necessitados, de estar ao lado de quem precisa, pelo dever c\u00edvico de ajudar, pelo sentido solid\u00e1rio que uma sociedade madura tem de ter.<\/p>\n<p><a href=\"http:\/\/www.adavaveiro.org\/?page_id=1184\">ler o artigo completo<\/a><\/p>\n","protected":false},"excerpt":{"rendered":"<p>Nunca tanto como agora a palavra \u201cMercado\u201d se encontra no nosso l\u00e9xico di\u00e1rio. Mesmo n\u00e3o o utilizando, basta ligar uma televis\u00e3o ou um r\u00e1dio \u00e0 hora de um notici\u00e1rio. H\u00e1 mercados virtuais, h\u00e1 mercados em que as trocas comerciais n\u00e3o &hellip; <a href=\"https:\/\/www.adavaveiro.org\/?p=1201\">Continuar a ler <span class=\"meta-nav\">&rarr;<\/span><\/a><\/p>\n","protected":false},"author":1,"featured_media":0,"comment_status":"closed","ping_status":"open","sticky":false,"template":"","format":"standard","meta":{"footnotes":""},"categories":[20],"tags":[],"class_list":["post-1201","post","type-post","status-publish","format-standard","hentry","category-informacao"],"_links":{"self":[{"href":"https:\/\/www.adavaveiro.org\/index.php?rest_route=\/wp\/v2\/posts\/1201","targetHints":{"allow":["GET"]}}],"collection":[{"href":"https:\/\/www.adavaveiro.org\/index.php?rest_route=\/wp\/v2\/posts"}],"about":[{"href":"https:\/\/www.adavaveiro.org\/index.php?rest_route=\/wp\/v2\/types\/post"}],"author":[{"embeddable":true,"href":"https:\/\/www.adavaveiro.org\/index.php?rest_route=\/wp\/v2\/users\/1"}],"replies":[{"embeddable":true,"href":"https:\/\/www.adavaveiro.org\/index.php?rest_route=%2Fwp%2Fv2%2Fcomments&post=1201"}],"version-history":[{"count":6,"href":"https:\/\/www.adavaveiro.org\/index.php?rest_route=\/wp\/v2\/posts\/1201\/revisions"}],"predecessor-version":[{"id":1525,"href":"https:\/\/www.adavaveiro.org\/index.php?rest_route=\/wp\/v2\/posts\/1201\/revisions\/1525"}],"wp:attachment":[{"href":"https:\/\/www.adavaveiro.org\/index.php?rest_route=%2Fwp%2Fv2%2Fmedia&parent=1201"}],"wp:term":[{"taxonomy":"category","embeddable":true,"href":"https:\/\/www.adavaveiro.org\/index.php?rest_route=%2Fwp%2Fv2%2Fcategories&post=1201"},{"taxonomy":"post_tag","embeddable":true,"href":"https:\/\/www.adavaveiro.org\/index.php?rest_route=%2Fwp%2Fv2%2Ftags&post=1201"}],"curies":[{"name":"wp","href":"https:\/\/api.w.org\/{rel}","templated":true}]}}