{"id":1209,"date":"2011-02-12T14:26:41","date_gmt":"2011-02-12T14:26:41","guid":{"rendered":"http:\/\/www.adavaveiro.org\/?p=1209"},"modified":"2011-04-21T17:45:02","modified_gmt":"2011-04-21T17:45:02","slug":"peticao","status":"publish","type":"post","link":"https:\/\/www.adavaveiro.org\/?p=1209","title":{"rendered":"peti\u00e7\u00e3o"},"content":{"rendered":"<p style=\"text-align: left;\"><a rel=\"attachment wp-att-1215\" href=\"http:\/\/www.adavaveiro.org\/?attachment_id=1215\"><img loading=\"lazy\" decoding=\"async\" class=\"aligncenter size-thumbnail wp-image-1215\" title=\"PeticaoPublicaLogo\" src=\"http:\/\/www.adavaveiro.org\/wp-content\/uploads\/2011\/02\/PeticaoPublicaLogo-260x70.gif\" alt=\"\" width=\"260\" height=\"70\" srcset=\"https:\/\/www.adavaveiro.org\/wp-content\/uploads\/2011\/02\/PeticaoPublicaLogo-260x70.gif 260w, https:\/\/www.adavaveiro.org\/wp-content\/uploads\/2011\/02\/PeticaoPublicaLogo-300x80.gif 300w, https:\/\/www.adavaveiro.org\/wp-content\/uploads\/2011\/02\/PeticaoPublicaLogo.gif 367w\" sizes=\"auto, (max-width: 260px) 100vw, 260px\" \/><\/a><\/p>\n<p style=\"text-align: left;\">Peticiona-se \u00e0 Assembleia da  Rep\u00fablica que:<br \/>\nA) Reconhe\u00e7a o flagelo do aborto que de norte a sul, varre o Pa\u00eds desde h\u00e1 4 anos destruindo crian\u00e7as, mulheres, fam\u00edlias, e a economia gerando desemprego e depress\u00e3o.<br \/>\nB) Que tome medidas legislativas no sentido  de:<br \/>\na) Proteger a vida humana desde a concep\u00e7\u00e3o, a maternidade e os mais  carenciados na verdadeira solidariedade social.<br \/>\nb) Rever para j\u00e1 a regulamenta\u00e7\u00e3o da pr\u00e1tica do aborto por forma a saber se o consentimento foi realmente informado e a garantir planos de apoio alternativos ao aborto.<br \/>\nc) Permitir que todos os profissionais de sa\u00fade (independentemente da objec\u00e7\u00e3o de consci\u00eancia) possam intervir no processo de aconselhamento a gr\u00e1vidas.<br \/>\nd)  Apoiar as Institui\u00e7\u00f5es que no terreno ajudam mulheres e crian\u00e7as em risco, de  uma forma criteriosa e realista.<br \/>\ne) Fazer cumprir os Direitos Humanos nomeadamente no que tange com o inviol\u00e1vel Direito \u00e0 Vida e o eminente direito ao reconhecimento da dignidade de cada ser humano.<br \/>\nf) Gerir com crit\u00e9rios de  \u201cbem comum\u201d os escassos recursos do Pa\u00eds e por isso, deixe de \u201ccobrir de  dinheiro\u201d o aborto.<\/p>\n<p style=\"text-align: left;\">Os signat\u00e1rios\u00a0 (assine tamb\u00e9m <a href=\"http:\/\/www.peticaopublica.com\/PeticaoVer.aspx?pi=P2011N5620\" target=\"_blank\">AQUI<\/a>)<\/p>\n","protected":false},"excerpt":{"rendered":"<p>Peticiona-se \u00e0 Assembleia da Rep\u00fablica que: A) Reconhe\u00e7a o flagelo do aborto que de norte a sul, varre o Pa\u00eds desde h\u00e1 4 anos destruindo crian\u00e7as, mulheres, fam\u00edlias, e a economia gerando desemprego e depress\u00e3o. B) Que tome medidas legislativas &hellip; <a href=\"https:\/\/www.adavaveiro.org\/?p=1209\">Continuar a ler <span class=\"meta-nav\">&rarr;<\/span><\/a><\/p>\n","protected":false},"author":1,"featured_media":0,"comment_status":"closed","ping_status":"open","sticky":false,"template":"","format":"standard","meta":{"footnotes":""},"categories":[21],"tags":[],"class_list":["post-1209","post","type-post","status-publish","format-standard","hentry","category-peticao"],"_links":{"self":[{"href":"https:\/\/www.adavaveiro.org\/index.php?rest_route=\/wp\/v2\/posts\/1209","targetHints":{"allow":["GET"]}}],"collection":[{"href":"https:\/\/www.adavaveiro.org\/index.php?rest_route=\/wp\/v2\/posts"}],"about":[{"href":"https:\/\/www.adavaveiro.org\/index.php?rest_route=\/wp\/v2\/types\/post"}],"author":[{"embeddable":true,"href":"https:\/\/www.adavaveiro.org\/index.php?rest_route=\/wp\/v2\/users\/1"}],"replies":[{"embeddable":true,"href":"https:\/\/www.adavaveiro.org\/index.php?rest_route=%2Fwp%2Fv2%2Fcomments&post=1209"}],"version-history":[{"count":13,"href":"https:\/\/www.adavaveiro.org\/index.php?rest_route=\/wp\/v2\/posts\/1209\/revisions"}],"predecessor-version":[{"id":1523,"href":"https:\/\/www.adavaveiro.org\/index.php?rest_route=\/wp\/v2\/posts\/1209\/revisions\/1523"}],"wp:attachment":[{"href":"https:\/\/www.adavaveiro.org\/index.php?rest_route=%2Fwp%2Fv2%2Fmedia&parent=1209"}],"wp:term":[{"taxonomy":"category","embeddable":true,"href":"https:\/\/www.adavaveiro.org\/index.php?rest_route=%2Fwp%2Fv2%2Fcategories&post=1209"},{"taxonomy":"post_tag","embeddable":true,"href":"https:\/\/www.adavaveiro.org\/index.php?rest_route=%2Fwp%2Fv2%2Ftags&post=1209"}],"curies":[{"name":"wp","href":"https:\/\/api.w.org\/{rel}","templated":true}]}}