{"id":1226,"date":"2011-02-19T22:33:56","date_gmt":"2011-02-19T22:33:56","guid":{"rendered":"http:\/\/www.adavaveiro.org\/?p=1226"},"modified":"2011-02-26T16:05:47","modified_gmt":"2011-02-26T16:05:47","slug":"63-mil-abortos-em-4-anos","status":"publish","type":"post","link":"https:\/\/www.adavaveiro.org\/?p=1226","title":{"rendered":"63 mil abortos em 4 anos"},"content":{"rendered":"<p>Nos \u00faltimos tr\u00eas anos e meio, foram feitos em Portugal mais de 63.000 abortos. Quer isto dizer que, desde que foi aprovada a liberaliza\u00e7\u00e3o da \u2018interrup\u00e7\u00e3o volunt\u00e1ria da gravidez\u2019, por dia, nos nossos hospitais p\u00fablicos, foram mortos cerca de 50 seres humanos.<\/p>\n<p>Belmiro Fernandes Pereira (S\u00f3cio fundador da ADAV-Aveiro), in <em>Di\u00e1rio de Aveiro<\/em> de 12 de fevereiro de 2011<\/p>\n<p>Veja <a href=\"http:\/\/www.adavaveiro.org\/?page_id=1221\">aqui<\/a> o artigo completo da ADAV<\/p>\n","protected":false},"excerpt":{"rendered":"<p>Nos \u00faltimos tr\u00eas anos e meio, foram feitos em Portugal mais de 63.000 abortos. Quer isto dizer que, desde que foi aprovada a liberaliza\u00e7\u00e3o da \u2018interrup\u00e7\u00e3o volunt\u00e1ria da gravidez\u2019, por dia, nos nossos hospitais p\u00fablicos, foram mortos cerca de 50 &hellip; <a href=\"https:\/\/www.adavaveiro.org\/?p=1226\">Continuar a ler <span class=\"meta-nav\">&rarr;<\/span><\/a><\/p>\n","protected":false},"author":1,"featured_media":0,"comment_status":"closed","ping_status":"open","sticky":false,"template":"","format":"standard","meta":{"footnotes":""},"categories":[9],"tags":[],"class_list":["post-1226","post","type-post","status-publish","format-standard","hentry","category-refletir"],"_links":{"self":[{"href":"https:\/\/www.adavaveiro.org\/index.php?rest_route=\/wp\/v2\/posts\/1226","targetHints":{"allow":["GET"]}}],"collection":[{"href":"https:\/\/www.adavaveiro.org\/index.php?rest_route=\/wp\/v2\/posts"}],"about":[{"href":"https:\/\/www.adavaveiro.org\/index.php?rest_route=\/wp\/v2\/types\/post"}],"author":[{"embeddable":true,"href":"https:\/\/www.adavaveiro.org\/index.php?rest_route=\/wp\/v2\/users\/1"}],"replies":[{"embeddable":true,"href":"https:\/\/www.adavaveiro.org\/index.php?rest_route=%2Fwp%2Fv2%2Fcomments&post=1226"}],"version-history":[{"count":4,"href":"https:\/\/www.adavaveiro.org\/index.php?rest_route=\/wp\/v2\/posts\/1226\/revisions"}],"predecessor-version":[{"id":1283,"href":"https:\/\/www.adavaveiro.org\/index.php?rest_route=\/wp\/v2\/posts\/1226\/revisions\/1283"}],"wp:attachment":[{"href":"https:\/\/www.adavaveiro.org\/index.php?rest_route=%2Fwp%2Fv2%2Fmedia&parent=1226"}],"wp:term":[{"taxonomy":"category","embeddable":true,"href":"https:\/\/www.adavaveiro.org\/index.php?rest_route=%2Fwp%2Fv2%2Fcategories&post=1226"},{"taxonomy":"post_tag","embeddable":true,"href":"https:\/\/www.adavaveiro.org\/index.php?rest_route=%2Fwp%2Fv2%2Ftags&post=1226"}],"curies":[{"name":"wp","href":"https:\/\/api.w.org\/{rel}","templated":true}]}}