{"id":1265,"date":"2011-02-26T15:56:59","date_gmt":"2011-02-26T15:56:59","guid":{"rendered":"http:\/\/www.adavaveiro.org\/?p=1265"},"modified":"2011-04-21T17:10:03","modified_gmt":"2011-04-21T17:10:03","slug":"defender-a-vida-porque","status":"publish","type":"post","link":"https:\/\/www.adavaveiro.org\/?p=1265","title":{"rendered":"defender a vida &#8211; porqu\u00ea?"},"content":{"rendered":"<p><a rel=\"attachment wp-att-1275\" href=\"http:\/\/www.adavaveiro.org\/?attachment_id=1275\"><img loading=\"lazy\" decoding=\"async\" class=\"size-thumbnail wp-image-1275 alignleft\" title=\"defender a vida\" src=\"http:\/\/www.adavaveiro.org\/wp-content\/uploads\/2011\/02\/defender-a-vida1-260x257.jpg\" alt=\"\" width=\"177\" height=\"174\" srcset=\"https:\/\/www.adavaveiro.org\/wp-content\/uploads\/2011\/02\/defender-a-vida1-260x257.jpg 260w, https:\/\/www.adavaveiro.org\/wp-content\/uploads\/2011\/02\/defender-a-vida1-300x297.jpg 300w, https:\/\/www.adavaveiro.org\/wp-content\/uploads\/2011\/02\/defender-a-vida1.jpg 400w\" sizes=\"auto, (max-width: 177px) 100vw, 177px\" \/><\/a>Esta pergunta parece n\u00e3o fazer sentido mas \u00e9 perfeitamente actual. Sen\u00e3o vejamos:<br \/>\n&#8211; a vida \u00e9 o que temos de mais precioso, sem ela n\u00e3o existimos, por isso \u00e9 natural que se defenda a vida. Contudo, s\u00e3o mais os ataques \u00e0 vida que as tentativas de a defender;<br \/>\n&#8211; a facilidade com que nos dias de hoje\u00a0 se destr\u00f3i a vida, tantas vezes por raz\u00f5es f\u00fateis, d\u00e1 a ideia de que ela n\u00e3o tem valor, e que tudo o resto se lhe pode sobrepor. No entanto, quando perdemos um ente querido ou algum amigo, choramos a sua perda, lamentamos que n\u00e3o tenhamos passado mais tempo com ele ou ela, elogiamos as suas qualidades, menorizamos os seus defeitos, ou seja, valorizamos a sua exist\u00eancia, a sua VIDA. Ent\u00e3o porqu\u00ea destru\u00ed-la?<\/p>\n<p>Engenheiro Borges (s\u00f3cio fundador da ADAV AVEIRO), in <em>Di\u00e1rio de Aveiro<\/em> de 26 de fevereiro de 2011<\/p>\n<p><a href=\"http:\/\/www.adavaveiro.org\/?page_id=1263\">ler texto completo<\/a><\/p>\n","protected":false},"excerpt":{"rendered":"<p>Esta pergunta parece n\u00e3o fazer sentido mas \u00e9 perfeitamente actual. Sen\u00e3o vejamos: &#8211; a vida \u00e9 o que temos de mais precioso, sem ela n\u00e3o existimos, por isso \u00e9 natural que se defenda a vida. Contudo, s\u00e3o mais os ataques &hellip; <a href=\"https:\/\/www.adavaveiro.org\/?p=1265\">Continuar a ler <span class=\"meta-nav\">&rarr;<\/span><\/a><\/p>\n","protected":false},"author":1,"featured_media":0,"comment_status":"closed","ping_status":"open","sticky":false,"template":"","format":"standard","meta":{"footnotes":""},"categories":[9],"tags":[],"class_list":["post-1265","post","type-post","status-publish","format-standard","hentry","category-refletir"],"_links":{"self":[{"href":"https:\/\/www.adavaveiro.org\/index.php?rest_route=\/wp\/v2\/posts\/1265","targetHints":{"allow":["GET"]}}],"collection":[{"href":"https:\/\/www.adavaveiro.org\/index.php?rest_route=\/wp\/v2\/posts"}],"about":[{"href":"https:\/\/www.adavaveiro.org\/index.php?rest_route=\/wp\/v2\/types\/post"}],"author":[{"embeddable":true,"href":"https:\/\/www.adavaveiro.org\/index.php?rest_route=\/wp\/v2\/users\/1"}],"replies":[{"embeddable":true,"href":"https:\/\/www.adavaveiro.org\/index.php?rest_route=%2Fwp%2Fv2%2Fcomments&post=1265"}],"version-history":[{"count":15,"href":"https:\/\/www.adavaveiro.org\/index.php?rest_route=\/wp\/v2\/posts\/1265\/revisions"}],"predecessor-version":[{"id":1475,"href":"https:\/\/www.adavaveiro.org\/index.php?rest_route=\/wp\/v2\/posts\/1265\/revisions\/1475"}],"wp:attachment":[{"href":"https:\/\/www.adavaveiro.org\/index.php?rest_route=%2Fwp%2Fv2%2Fmedia&parent=1265"}],"wp:term":[{"taxonomy":"category","embeddable":true,"href":"https:\/\/www.adavaveiro.org\/index.php?rest_route=%2Fwp%2Fv2%2Fcategories&post=1265"},{"taxonomy":"post_tag","embeddable":true,"href":"https:\/\/www.adavaveiro.org\/index.php?rest_route=%2Fwp%2Fv2%2Ftags&post=1265"}],"curies":[{"name":"wp","href":"https:\/\/api.w.org\/{rel}","templated":true}]}}