{"id":1296,"date":"2011-03-04T21:03:26","date_gmt":"2011-03-04T21:03:26","guid":{"rendered":"http:\/\/www.adavaveiro.org\/?p=1296"},"modified":"2011-03-23T14:50:52","modified_gmt":"2011-03-23T14:50:52","slug":"escandalo","status":"publish","type":"post","link":"https:\/\/www.adavaveiro.org\/?p=1296","title":{"rendered":"esc\u00e2ndalo!"},"content":{"rendered":"<p>Pode ler-se no <a href=\"http:\/\/www.cmjornal.xl.pt\/detalhe\/noticias\/exclusivo-cm\/aborto-adia-cirurgia-para-tratar-cancro215847580\" target=\"_blank\">Correio da Manh\u00e3<\/a> de 14 de fevereirode 2011:<\/p>\n<p>&#8220;Sandra Keizeler, mulher do antigo futeboli<a rel=\"attachment wp-att-1301\" href=\"http:\/\/www.adavaveiro.org\/?attachment_id=1301\"><img loading=\"lazy\" decoding=\"async\" class=\"size-thumbnail wp-image-1301    alignleft\" title=\"contra o cancro\" src=\"http:\/\/www.adavaveiro.org\/wp-content\/uploads\/2011\/03\/contra-o-cancro-260x207.jpg\" alt=\"\" width=\"155\" height=\"123\" \/><\/a>sta do Belenenses Sobrinho, tinha cirurgia marcada para 25 de Janeiro. Foi internada na v\u00e9spera, fez a prepara\u00e7\u00e3o para a opera\u00e7\u00e3o \u2013 clister, jejum, soros, an\u00e1lises \u2013 e, quando pensava que ia ser operada, ouviu da boca da directora do servi\u00e7o de Ginecologia\/Obstetr\u00edcia que n\u00e3o podia ser operada &#8220;porque tinha entrado para o Bloco Operat\u00f3rio uma mulher para fazer um aborto&#8221;. (&#8230;)<\/p>\n<p>Uma doente com les\u00f5es pr\u00e9-cancerosas no colo do \u00fatero viu ser adiada duas vezes a interven\u00e7\u00e3o cir\u00fargica no Hospital de S\u00e3o Bernardo, em Set\u00fabal, para a remo\u00e7\u00e3o do \u00fatero, como tratamento para erradicar o v\u00edrus do papiloma humano. O adiamento da cirurgia deveu-se \u00e0 prioridade dada a uma interrup\u00e7\u00e3o volunt\u00e1ria da gravidez e, na segunda ocasi\u00e3o, ao fecho do Bloco Operat\u00f3rio \u00e0s 15h30.&#8221;<\/p>\n<p>alguns coment\u00e1rios <a href=\"http:\/\/portugalprovida.blogspot.com\/2011\/02\/civilizacao-da-morte-ate-quando.html\" target=\"_blank\">aqui<\/a> e no <a href=\"http:\/\/www.pop.eu.com\/news\/4163\/26\/Paciente-ve-cirurgia-para-tratar-o-cancro-adiada-duas-vezes.html\" target=\"_blank\">portal de oncologia portugu\u00eas<\/a>.<\/p>\n","protected":false},"excerpt":{"rendered":"<p>Pode ler-se no Correio da Manh\u00e3 de 14 de fevereirode 2011: &#8220;Sandra Keizeler, mulher do antigo futebolista do Belenenses Sobrinho, tinha cirurgia marcada para 25 de Janeiro. Foi internada na v\u00e9spera, fez a prepara\u00e7\u00e3o para a opera\u00e7\u00e3o \u2013 clister, jejum, &hellip; <a href=\"https:\/\/www.adavaveiro.org\/?p=1296\">Continuar a ler <span class=\"meta-nav\">&rarr;<\/span><\/a><\/p>\n","protected":false},"author":1,"featured_media":0,"comment_status":"closed","ping_status":"open","sticky":false,"template":"","format":"standard","meta":{"footnotes":""},"categories":[20],"tags":[],"class_list":["post-1296","post","type-post","status-publish","format-standard","hentry","category-informacao"],"_links":{"self":[{"href":"https:\/\/www.adavaveiro.org\/index.php?rest_route=\/wp\/v2\/posts\/1296","targetHints":{"allow":["GET"]}}],"collection":[{"href":"https:\/\/www.adavaveiro.org\/index.php?rest_route=\/wp\/v2\/posts"}],"about":[{"href":"https:\/\/www.adavaveiro.org\/index.php?rest_route=\/wp\/v2\/types\/post"}],"author":[{"embeddable":true,"href":"https:\/\/www.adavaveiro.org\/index.php?rest_route=\/wp\/v2\/users\/1"}],"replies":[{"embeddable":true,"href":"https:\/\/www.adavaveiro.org\/index.php?rest_route=%2Fwp%2Fv2%2Fcomments&post=1296"}],"version-history":[{"count":36,"href":"https:\/\/www.adavaveiro.org\/index.php?rest_route=\/wp\/v2\/posts\/1296\/revisions"}],"predecessor-version":[{"id":1351,"href":"https:\/\/www.adavaveiro.org\/index.php?rest_route=\/wp\/v2\/posts\/1296\/revisions\/1351"}],"wp:attachment":[{"href":"https:\/\/www.adavaveiro.org\/index.php?rest_route=%2Fwp%2Fv2%2Fmedia&parent=1296"}],"wp:term":[{"taxonomy":"category","embeddable":true,"href":"https:\/\/www.adavaveiro.org\/index.php?rest_route=%2Fwp%2Fv2%2Fcategories&post=1296"},{"taxonomy":"post_tag","embeddable":true,"href":"https:\/\/www.adavaveiro.org\/index.php?rest_route=%2Fwp%2Fv2%2Ftags&post=1296"}],"curies":[{"name":"wp","href":"https:\/\/api.w.org\/{rel}","templated":true}]}}