{"id":1348,"date":"2011-03-23T14:50:09","date_gmt":"2011-03-23T14:50:09","guid":{"rendered":"http:\/\/www.adavaveiro.org\/?p=1348"},"modified":"2011-03-26T16:00:48","modified_gmt":"2011-03-26T16:00:48","slug":"mais-de-30-mil-pais-partilharam-licenca-com-a-mae","status":"publish","type":"post","link":"https:\/\/www.adavaveiro.org\/?p=1348","title":{"rendered":"Mais de 30 mil pais partilharam licen\u00e7a com a m\u00e3e"},"content":{"rendered":"<p><a href=\"http:\/\/www.jn.pt\/PaginaInicial\/Sociedade\/Interior.aspx?content_id=1810802&amp;page=-1\" target=\"_blank\">Licen\u00e7a de paternidade<\/a><\/p>\n<p><a rel=\"attachment wp-att-311\" href=\"http:\/\/www.adavaveiro.org\/?attachment_id=311\"><img loading=\"lazy\" decoding=\"async\" class=\"alignleft size-thumbnail wp-image-311\" title=\"vida-no-ventre1\" src=\"http:\/\/www.adavaveiro.org\/wp-content\/uploads\/vida-no-ventre12-150x150.jpg\" alt=\"\" width=\"150\" height=\"150\" \/><\/a>Desde a entrada em vigor do novo diploma das licen\u00e7as de parentalidade, em Maio de 2009, &#8220;foram deferidos 120 mil processos de subs\u00eddio parental inicial, dos quais 30.500 (25% do total dos processos) com partilha do pai de pelo menos 30 dias, e respectivo acr\u00e9scimo&#8221;, segundo explicou fonte oficial do Minist\u00e9rio do Trabalho e Solidariedade Social, \u00e0 Lusa.<\/p>\n","protected":false},"excerpt":{"rendered":"<p>Licen\u00e7a de paternidade Desde a entrada em vigor do novo diploma das licen\u00e7as de parentalidade, em Maio de 2009, &#8220;foram deferidos 120 mil processos de subs\u00eddio parental inicial, dos quais 30.500 (25% do total dos processos) com partilha do pai &hellip; <a href=\"https:\/\/www.adavaveiro.org\/?p=1348\">Continuar a ler <span class=\"meta-nav\">&rarr;<\/span><\/a><\/p>\n","protected":false},"author":1,"featured_media":0,"comment_status":"closed","ping_status":"open","sticky":false,"template":"","format":"standard","meta":{"footnotes":""},"categories":[20],"tags":[],"class_list":["post-1348","post","type-post","status-publish","format-standard","hentry","category-informacao"],"_links":{"self":[{"href":"https:\/\/www.adavaveiro.org\/index.php?rest_route=\/wp\/v2\/posts\/1348","targetHints":{"allow":["GET"]}}],"collection":[{"href":"https:\/\/www.adavaveiro.org\/index.php?rest_route=\/wp\/v2\/posts"}],"about":[{"href":"https:\/\/www.adavaveiro.org\/index.php?rest_route=\/wp\/v2\/types\/post"}],"author":[{"embeddable":true,"href":"https:\/\/www.adavaveiro.org\/index.php?rest_route=\/wp\/v2\/users\/1"}],"replies":[{"embeddable":true,"href":"https:\/\/www.adavaveiro.org\/index.php?rest_route=%2Fwp%2Fv2%2Fcomments&post=1348"}],"version-history":[{"count":9,"href":"https:\/\/www.adavaveiro.org\/index.php?rest_route=\/wp\/v2\/posts\/1348\/revisions"}],"predecessor-version":[{"id":1362,"href":"https:\/\/www.adavaveiro.org\/index.php?rest_route=\/wp\/v2\/posts\/1348\/revisions\/1362"}],"wp:attachment":[{"href":"https:\/\/www.adavaveiro.org\/index.php?rest_route=%2Fwp%2Fv2%2Fmedia&parent=1348"}],"wp:term":[{"taxonomy":"category","embeddable":true,"href":"https:\/\/www.adavaveiro.org\/index.php?rest_route=%2Fwp%2Fv2%2Fcategories&post=1348"},{"taxonomy":"post_tag","embeddable":true,"href":"https:\/\/www.adavaveiro.org\/index.php?rest_route=%2Fwp%2Fv2%2Ftags&post=1348"}],"curies":[{"name":"wp","href":"https:\/\/api.w.org\/{rel}","templated":true}]}}