{"id":1382,"date":"2011-03-29T15:47:13","date_gmt":"2011-03-29T15:47:13","guid":{"rendered":"http:\/\/www.adavaveiro.org\/?p=1382"},"modified":"2012-03-27T19:47:21","modified_gmt":"2012-03-27T19:47:21","slug":"assembleia-geral-2","status":"publish","type":"post","link":"https:\/\/www.adavaveiro.org\/?p=1382","title":{"rendered":"Assembleia Geral"},"content":{"rendered":"<p><a rel=\"attachment wp-att-1203\" href=\"http:\/\/www.adavaveiro.org\/?attachment_id=1203\"><img loading=\"lazy\" decoding=\"async\" class=\"alignleft size-thumbnail wp-image-1203\" title=\"reuniao\" src=\"http:\/\/www.adavaveiro.org\/wp-content\/uploads\/2011\/02\/reuniao-260x166.jpg\" alt=\"\" width=\"201\" height=\"128\" \/><\/a>Reuniu-se a Assembleia Geral da Adav Aveiro, para aprovar o Plano Anual de Contas e o Relat\u00f3rio de Atividades (estes foram aprovados por unanimidade).<\/p>\n<p>Destacou-se o trabalho important\u00edssmo do VOLUNTARIADO com que a nossa IPSS conta. Sem as Volunt\u00e1rias n\u00e3o conseguir\u00edamos ter a sede aberta todos os dias de manh\u00e3 e 2 tardes por semana. Tamb\u00e9m gra\u00e7as \u00e0 disponibilidade das Volunt\u00e1rias \u00e9 poss\u00edvel atender, uma vez por m\u00eas, ao s\u00e1bado de manh\u00e3.<\/p>\n<p>Aqui fica um Bem-haja a todos os que de algum modo d\u00e3o do seu tempo para os outros.<\/p>\n","protected":false},"excerpt":{"rendered":"<p>Reuniu-se a Assembleia Geral da Adav Aveiro, para aprovar o Plano Anual de Contas e o Relat\u00f3rio de Atividades (estes foram aprovados por unanimidade). Destacou-se o trabalho important\u00edssmo do VOLUNTARIADO com que a nossa IPSS conta. Sem as Volunt\u00e1rias n\u00e3o &hellip; <a href=\"https:\/\/www.adavaveiro.org\/?p=1382\">Continuar a ler <span class=\"meta-nav\">&rarr;<\/span><\/a><\/p>\n","protected":false},"author":1,"featured_media":0,"comment_status":"closed","ping_status":"open","sticky":false,"template":"","format":"standard","meta":{"footnotes":""},"categories":[20],"tags":[],"class_list":["post-1382","post","type-post","status-publish","format-standard","hentry","category-informacao"],"_links":{"self":[{"href":"https:\/\/www.adavaveiro.org\/index.php?rest_route=\/wp\/v2\/posts\/1382","targetHints":{"allow":["GET"]}}],"collection":[{"href":"https:\/\/www.adavaveiro.org\/index.php?rest_route=\/wp\/v2\/posts"}],"about":[{"href":"https:\/\/www.adavaveiro.org\/index.php?rest_route=\/wp\/v2\/types\/post"}],"author":[{"embeddable":true,"href":"https:\/\/www.adavaveiro.org\/index.php?rest_route=\/wp\/v2\/users\/1"}],"replies":[{"embeddable":true,"href":"https:\/\/www.adavaveiro.org\/index.php?rest_route=%2Fwp%2Fv2%2Fcomments&post=1382"}],"version-history":[{"count":8,"href":"https:\/\/www.adavaveiro.org\/index.php?rest_route=\/wp\/v2\/posts\/1382\/revisions"}],"predecessor-version":[{"id":2275,"href":"https:\/\/www.adavaveiro.org\/index.php?rest_route=\/wp\/v2\/posts\/1382\/revisions\/2275"}],"wp:attachment":[{"href":"https:\/\/www.adavaveiro.org\/index.php?rest_route=%2Fwp%2Fv2%2Fmedia&parent=1382"}],"wp:term":[{"taxonomy":"category","embeddable":true,"href":"https:\/\/www.adavaveiro.org\/index.php?rest_route=%2Fwp%2Fv2%2Fcategories&post=1382"},{"taxonomy":"post_tag","embeddable":true,"href":"https:\/\/www.adavaveiro.org\/index.php?rest_route=%2Fwp%2Fv2%2Ftags&post=1382"}],"curies":[{"name":"wp","href":"https:\/\/api.w.org\/{rel}","templated":true}]}}