{"id":1397,"date":"2011-04-02T15:31:37","date_gmt":"2011-04-02T15:31:37","guid":{"rendered":"http:\/\/www.adavaveiro.org\/?p=1397"},"modified":"2011-04-02T15:34:57","modified_gmt":"2011-04-02T15:34:57","slug":"na-vida-humana-toda-a-idade-e-humana","status":"publish","type":"post","link":"https:\/\/www.adavaveiro.org\/?p=1397","title":{"rendered":"Na vida humana, toda a idade \u00e9 humana"},"content":{"rendered":"<p><a rel=\"attachment wp-att-1275\" href=\"http:\/\/www.adavaveiro.org\/?attachment_id=1275\"><img loading=\"lazy\" decoding=\"async\" class=\"alignleft size-thumbnail wp-image-1275\" title=\"defender a vida\" src=\"http:\/\/www.adavaveiro.org\/wp-content\/uploads\/2011\/02\/defender-a-vida1-260x257.jpg\" alt=\"\" width=\"115\" height=\"112\" \/><\/a>O que os debates desenvolvidos, em contexto de referendos em 1998 e em 2007, vieram demonstrar foi que o ser que se desenvolve no seio da m\u00e3e \u00e9 um de n\u00f3s, porque est\u00e1 numa etapa pela qual n\u00f3s mesmos pass\u00e1mos. Ele \u00e9, apenas, um de n\u00f3s mais novo do que n\u00f3s. E quando estamos certos disto, esse de n\u00f3s merece toda a nossa aten\u00e7\u00e3o, mesmo que pretendam justificar a sua elimina\u00e7\u00e3o.<\/p>\n<p>Lu\u00eds Silva &#8211; S\u00f3cio fundador e presidente da direc\u00e7\u00e3o da ADAV-Aveiro<\/p>\n<p><a href=\"http:\/\/www.adavaveiro.org\/?page_id=1393\" target=\"_blank\">Ler o artigo completo<\/a><\/p>\n","protected":false},"excerpt":{"rendered":"<p>O que os debates desenvolvidos, em contexto de referendos em 1998 e em 2007, vieram demonstrar foi que o ser que se desenvolve no seio da m\u00e3e \u00e9 um de n\u00f3s, porque est\u00e1 numa etapa pela qual n\u00f3s mesmos pass\u00e1mos. &hellip; <a href=\"https:\/\/www.adavaveiro.org\/?p=1397\">Continuar a ler <span class=\"meta-nav\">&rarr;<\/span><\/a><\/p>\n","protected":false},"author":1,"featured_media":0,"comment_status":"closed","ping_status":"open","sticky":false,"template":"","format":"standard","meta":{"footnotes":""},"categories":[9],"tags":[],"class_list":["post-1397","post","type-post","status-publish","format-standard","hentry","category-refletir"],"_links":{"self":[{"href":"https:\/\/www.adavaveiro.org\/index.php?rest_route=\/wp\/v2\/posts\/1397","targetHints":{"allow":["GET"]}}],"collection":[{"href":"https:\/\/www.adavaveiro.org\/index.php?rest_route=\/wp\/v2\/posts"}],"about":[{"href":"https:\/\/www.adavaveiro.org\/index.php?rest_route=\/wp\/v2\/types\/post"}],"author":[{"embeddable":true,"href":"https:\/\/www.adavaveiro.org\/index.php?rest_route=\/wp\/v2\/users\/1"}],"replies":[{"embeddable":true,"href":"https:\/\/www.adavaveiro.org\/index.php?rest_route=%2Fwp%2Fv2%2Fcomments&post=1397"}],"version-history":[{"count":10,"href":"https:\/\/www.adavaveiro.org\/index.php?rest_route=\/wp\/v2\/posts\/1397\/revisions"}],"predecessor-version":[{"id":1407,"href":"https:\/\/www.adavaveiro.org\/index.php?rest_route=\/wp\/v2\/posts\/1397\/revisions\/1407"}],"wp:attachment":[{"href":"https:\/\/www.adavaveiro.org\/index.php?rest_route=%2Fwp%2Fv2%2Fmedia&parent=1397"}],"wp:term":[{"taxonomy":"category","embeddable":true,"href":"https:\/\/www.adavaveiro.org\/index.php?rest_route=%2Fwp%2Fv2%2Fcategories&post=1397"},{"taxonomy":"post_tag","embeddable":true,"href":"https:\/\/www.adavaveiro.org\/index.php?rest_route=%2Fwp%2Fv2%2Ftags&post=1397"}],"curies":[{"name":"wp","href":"https:\/\/api.w.org\/{rel}","templated":true}]}}