{"id":1429,"date":"2011-04-20T20:46:13","date_gmt":"2011-04-20T20:46:13","guid":{"rendered":"http:\/\/www.adavaveiro.org\/?p=1429"},"modified":"2011-04-28T20:44:08","modified_gmt":"2011-04-28T20:44:08","slug":"feliz-pascoa","status":"publish","type":"post","link":"https:\/\/www.adavaveiro.org\/?p=1429","title":{"rendered":"Feliz P\u00e1scoa"},"content":{"rendered":"<p style=\"text-align: left;\"><a rel=\"attachment wp-att-1439\" href=\"http:\/\/www.adavaveiro.org\/?attachment_id=1439\"><img loading=\"lazy\" decoding=\"async\" class=\"size-thumbnail wp-image-1439 alignleft\" title=\"pascoa\" src=\"http:\/\/www.adavaveiro.org\/wp-content\/uploads\/2011\/04\/pascoa-260x241.png\" alt=\"\" width=\"194\" height=\"179\" srcset=\"https:\/\/www.adavaveiro.org\/wp-content\/uploads\/2011\/04\/pascoa-260x241.png 260w, https:\/\/www.adavaveiro.org\/wp-content\/uploads\/2011\/04\/pascoa-300x278.png 300w, https:\/\/www.adavaveiro.org\/wp-content\/uploads\/2011\/04\/pascoa.png 398w\" sizes=\"auto, (max-width: 194px) 100vw, 194px\" \/><\/a><br \/>\nCaros s\u00f3cios e amigos da ADAV,<\/p>\n<p>Nestes tempos de contraste, em que a  sociedade portuguesa convive com sinais de crise e com a celebra\u00e7\u00e3o da  esperan\u00e7a, gostar\u00edamos de expressar os nossos votos de que esta seja hora  de fortalecer o sentido de respeito pela vida ainda n\u00e3o nascida. Na  verdade, \u00e9 de &#8220;esperan\u00e7as&#8221; que est\u00e1 deficit\u00e1ria a nossa sociedade, da  sensibilidade para com a vida que surpreende, desconcerta e suscita a  criatividade construtiva.<br \/>\nSejam os sinais de crise desafios a evitar os  erros tantas vezes cometidos de construir a sociedade sem atender ao dever  do respeito por quem n\u00e3o pode valer-se da for\u00e7a.<br \/>\nCom os votos de  Feliz P\u00e1scoa<br \/>\nA direc\u00e7\u00e3o da ADAV-Aveiro<\/p>\n","protected":false},"excerpt":{"rendered":"<p>Caros s\u00f3cios e amigos da ADAV, Nestes tempos de contraste, em que a sociedade portuguesa convive com sinais de crise e com a celebra\u00e7\u00e3o da esperan\u00e7a, gostar\u00edamos de expressar os nossos votos de que esta seja hora de fortalecer o &hellip; <a href=\"https:\/\/www.adavaveiro.org\/?p=1429\">Continuar a ler <span class=\"meta-nav\">&rarr;<\/span><\/a><\/p>\n","protected":false},"author":1,"featured_media":0,"comment_status":"closed","ping_status":"open","sticky":false,"template":"","format":"standard","meta":{"footnotes":""},"categories":[8],"tags":[],"class_list":["post-1429","post","type-post","status-publish","format-standard","hentry","category-comemoracao"],"_links":{"self":[{"href":"https:\/\/www.adavaveiro.org\/index.php?rest_route=\/wp\/v2\/posts\/1429","targetHints":{"allow":["GET"]}}],"collection":[{"href":"https:\/\/www.adavaveiro.org\/index.php?rest_route=\/wp\/v2\/posts"}],"about":[{"href":"https:\/\/www.adavaveiro.org\/index.php?rest_route=\/wp\/v2\/types\/post"}],"author":[{"embeddable":true,"href":"https:\/\/www.adavaveiro.org\/index.php?rest_route=\/wp\/v2\/users\/1"}],"replies":[{"embeddable":true,"href":"https:\/\/www.adavaveiro.org\/index.php?rest_route=%2Fwp%2Fv2%2Fcomments&post=1429"}],"version-history":[{"count":15,"href":"https:\/\/www.adavaveiro.org\/index.php?rest_route=\/wp\/v2\/posts\/1429\/revisions"}],"predecessor-version":[{"id":1545,"href":"https:\/\/www.adavaveiro.org\/index.php?rest_route=\/wp\/v2\/posts\/1429\/revisions\/1545"}],"wp:attachment":[{"href":"https:\/\/www.adavaveiro.org\/index.php?rest_route=%2Fwp%2Fv2%2Fmedia&parent=1429"}],"wp:term":[{"taxonomy":"category","embeddable":true,"href":"https:\/\/www.adavaveiro.org\/index.php?rest_route=%2Fwp%2Fv2%2Fcategories&post=1429"},{"taxonomy":"post_tag","embeddable":true,"href":"https:\/\/www.adavaveiro.org\/index.php?rest_route=%2Fwp%2Fv2%2Ftags&post=1429"}],"curies":[{"name":"wp","href":"https:\/\/api.w.org\/{rel}","templated":true}]}}