{"id":1445,"date":"2011-04-20T21:11:02","date_gmt":"2011-04-20T21:11:02","guid":{"rendered":"http:\/\/www.adavaveiro.org\/?p=1445"},"modified":"2011-04-20T21:24:30","modified_gmt":"2011-04-20T21:24:30","slug":"divulgacao-da-adav","status":"publish","type":"post","link":"https:\/\/www.adavaveiro.org\/?p=1445","title":{"rendered":"divulga\u00e7\u00e3o da ADAV"},"content":{"rendered":"<p style=\"text-align: center;\">Na Feira de Mar\u00e7o, as Volunt\u00e1rias divulgaram a ADAV Aveiro.<a rel=\"attachment wp-att-1446\" href=\"http:\/\/www.adavaveiro.org\/?attachment_id=1446\"><br \/>\n<\/a>O stand estava bonito e a divulga\u00e7\u00e3o foi muito importante!<br \/>\nBem-hajam!<a rel=\"attachment wp-att-1446\" href=\"http:\/\/www.adavaveiro.org\/?attachment_id=1446\"><br \/>\n<\/a><a rel=\"attachment wp-att-1450\" href=\"http:\/\/www.adavaveiro.org\/?attachment_id=1450\"><img loading=\"lazy\" decoding=\"async\" class=\"size-thumbnail wp-image-1450       alignleft\" title=\"feira de marco_2011 (4)\" src=\"http:\/\/www.adavaveiro.org\/wp-content\/uploads\/2011\/04\/feira-de-marco_2011-4-260x195.jpg\" alt=\"\" width=\"169\" height=\"130\" \/><\/a><a rel=\"attachment wp-att-1453\" href=\"http:\/\/www.adavaveiro.org\/?attachment_id=1453\"><\/a><\/p>\n<p><a rel=\"attachment wp-att-1453\" href=\"http:\/\/www.adavaveiro.org\/?attachment_id=1453\"><img loading=\"lazy\" decoding=\"async\" class=\"size-thumbnail wp-image-1453        alignnone\" title=\"feira de marco_2011\" src=\"http:\/\/www.adavaveiro.org\/wp-content\/uploads\/2011\/04\/feira-de-marco_2011-260x195.jpg\" alt=\"\" width=\"169\" height=\"126\" srcset=\"https:\/\/www.adavaveiro.org\/wp-content\/uploads\/2011\/04\/feira-de-marco_2011-260x195.jpg 260w, https:\/\/www.adavaveiro.org\/wp-content\/uploads\/2011\/04\/feira-de-marco_2011-300x225.jpg 300w, https:\/\/www.adavaveiro.org\/wp-content\/uploads\/2011\/04\/feira-de-marco_2011-1024x768.jpg 1024w, https:\/\/www.adavaveiro.org\/wp-content\/uploads\/2011\/04\/feira-de-marco_2011.jpg 2048w\" sizes=\"auto, (max-width: 169px) 100vw, 169px\" \/><\/a><\/p>\n","protected":false},"excerpt":{"rendered":"<p>Na Feira de Mar\u00e7o, as Volunt\u00e1rias divulgaram a ADAV Aveiro. O stand estava bonito e a divulga\u00e7\u00e3o foi muito importante! Bem-hajam!<\/p>\n","protected":false},"author":1,"featured_media":0,"comment_status":"closed","ping_status":"open","sticky":false,"template":"","format":"standard","meta":{"footnotes":""},"categories":[20],"tags":[],"class_list":["post-1445","post","type-post","status-publish","format-standard","hentry","category-informacao"],"_links":{"self":[{"href":"https:\/\/www.adavaveiro.org\/index.php?rest_route=\/wp\/v2\/posts\/1445","targetHints":{"allow":["GET"]}}],"collection":[{"href":"https:\/\/www.adavaveiro.org\/index.php?rest_route=\/wp\/v2\/posts"}],"about":[{"href":"https:\/\/www.adavaveiro.org\/index.php?rest_route=\/wp\/v2\/types\/post"}],"author":[{"embeddable":true,"href":"https:\/\/www.adavaveiro.org\/index.php?rest_route=\/wp\/v2\/users\/1"}],"replies":[{"embeddable":true,"href":"https:\/\/www.adavaveiro.org\/index.php?rest_route=%2Fwp%2Fv2%2Fcomments&post=1445"}],"version-history":[{"count":21,"href":"https:\/\/www.adavaveiro.org\/index.php?rest_route=\/wp\/v2\/posts\/1445\/revisions"}],"predecessor-version":[{"id":1449,"href":"https:\/\/www.adavaveiro.org\/index.php?rest_route=\/wp\/v2\/posts\/1445\/revisions\/1449"}],"wp:attachment":[{"href":"https:\/\/www.adavaveiro.org\/index.php?rest_route=%2Fwp%2Fv2%2Fmedia&parent=1445"}],"wp:term":[{"taxonomy":"category","embeddable":true,"href":"https:\/\/www.adavaveiro.org\/index.php?rest_route=%2Fwp%2Fv2%2Fcategories&post=1445"},{"taxonomy":"post_tag","embeddable":true,"href":"https:\/\/www.adavaveiro.org\/index.php?rest_route=%2Fwp%2Fv2%2Ftags&post=1445"}],"curies":[{"name":"wp","href":"https:\/\/api.w.org\/{rel}","templated":true}]}}