{"id":1482,"date":"2011-04-21T17:32:00","date_gmt":"2011-04-21T17:32:00","guid":{"rendered":"http:\/\/www.adavaveiro.org\/?p=1482"},"modified":"2011-04-21T17:37:26","modified_gmt":"2011-04-21T17:37:26","slug":"aborto-nao-e-problema-higiene","status":"publish","type":"post","link":"https:\/\/www.adavaveiro.org\/?p=1482","title":{"rendered":"aborto n\u00e3o \u00e9 problema higiene"},"content":{"rendered":"<p>Num comunicado de 20 de abril, a Federa\u00e7\u00e3o portuguesa pela vida manifesta o seu rep\u00fadio quanto ao conte\u00fado da reportagem da revista S\u00e1bado.<\/p>\n<p><a rel=\"attachment wp-att-1483\" href=\"http:\/\/www.adavaveiro.org\/?attachment_id=1483\"><img loading=\"lazy\" decoding=\"async\" class=\"size-full wp-image-1483 alignleft\" title=\"Logo_federacaoport_vida\" src=\"http:\/\/www.adavaveiro.org\/wp-content\/uploads\/2011\/04\/Logo_federacaoport_vida1.jpg\" alt=\"\" width=\"250\" height=\"180\" \/><\/a>O aborto n\u00e3o \u00e9 um problema de higiene nem de condi\u00e7\u00f5es hospitalares.  Come\u00e7amos lentamente a assistir \u00e0s consequ\u00eancias dram\u00e1ticas do presente  envenenado que se quis oferecer \u00e0s mulheres e \u00e0s fam\u00edlias portuguesas.<\/p>\n<p>Todos os factos &#8211; impressionantes &#8211; identificados na reportagem da revista S\u00e1bado s\u00e3o sintom\u00e1ticos de uma situa\u00e7\u00e3o que deve ser imediatamente terminada. Neste momento, o Estado oferece o aborto como \u00fanica solu\u00e7\u00e3o \u00e0s mulheres e \u00e0s fam\u00edlias. Oferece uma \u201csolu\u00e7\u00e3o\u201d destrutiva e enganadora. E priva a sociedade inteira da riqueza (social, econ\u00f3mica, demogr\u00e1fica, humana) que poderia resultar do nascimento assim impossibilitado<\/p>\n<p><span style=\"color: #008080;\"><strong>A FPV desafia a pr\u00f3xima maioria que se vier a formar e o Governo que dela resultar a<\/strong><\/span>:<\/p>\n<p>a) Fazer uma r\u00e1pida avalia\u00e7\u00e3o da lei actualmente em vigor e da\u00ed retirar consequ\u00eancias pr\u00e1ticas imediatas de modo a proteger a maternidade, a vida, a sa\u00fade p\u00fablica e o bem-comum.<\/p>\n<p>b) Aceitar que mediante a correspondente iniciativa popular seja realizado um novo referendo nacional sobre a mat\u00e9ria em que possa ser decidida a revoga\u00e7\u00e3o do aborto livre por op\u00e7\u00e3o da mulher at\u00e9 \u00e0s 10 semanas;<\/p>\n<p>c) Promova uma cultura de Vida que responda aos problemas reais dos nascimentos e maternidade em Portugal de tal forma que se torne evidente no tempo mais breve poss\u00edvel que o aborto deve ser completamente abolido no nosso pa\u00eds.<\/p>\n<p>A FPV, na sua qualidade de agente ao servi\u00e7o das institui\u00e7\u00f5es que apoiam as fam\u00edlias e as crian\u00e7as, coloca-se \u00e0 inteira disposi\u00e7\u00e3o dos governantes para trabalhar em conjunto e, assim, combater eficaz e definitivamente o problema do aborto.<\/p>\n<p><a href=\"http:\/\/www.adavaveiro.org\/?page_id=1476\">Leia o comunicado completo<\/a>.<\/p>\n","protected":false},"excerpt":{"rendered":"<p>Num comunicado de 20 de abril, a Federa\u00e7\u00e3o portuguesa pela vida manifesta o seu rep\u00fadio quanto ao conte\u00fado da reportagem da revista S\u00e1bado. O aborto n\u00e3o \u00e9 um problema de higiene nem de condi\u00e7\u00f5es hospitalares. Come\u00e7amos lentamente a assistir \u00e0s &hellip; <a href=\"https:\/\/www.adavaveiro.org\/?p=1482\">Continuar a ler <span class=\"meta-nav\">&rarr;<\/span><\/a><\/p>\n","protected":false},"author":1,"featured_media":0,"comment_status":"closed","ping_status":"open","sticky":false,"template":"","format":"standard","meta":{"footnotes":""},"categories":[20],"tags":[],"class_list":["post-1482","post","type-post","status-publish","format-standard","hentry","category-informacao"],"_links":{"self":[{"href":"https:\/\/www.adavaveiro.org\/index.php?rest_route=\/wp\/v2\/posts\/1482","targetHints":{"allow":["GET"]}}],"collection":[{"href":"https:\/\/www.adavaveiro.org\/index.php?rest_route=\/wp\/v2\/posts"}],"about":[{"href":"https:\/\/www.adavaveiro.org\/index.php?rest_route=\/wp\/v2\/types\/post"}],"author":[{"embeddable":true,"href":"https:\/\/www.adavaveiro.org\/index.php?rest_route=\/wp\/v2\/users\/1"}],"replies":[{"embeddable":true,"href":"https:\/\/www.adavaveiro.org\/index.php?rest_route=%2Fwp%2Fv2%2Fcomments&post=1482"}],"version-history":[{"count":17,"href":"https:\/\/www.adavaveiro.org\/index.php?rest_route=\/wp\/v2\/posts\/1482\/revisions"}],"predecessor-version":[{"id":1512,"href":"https:\/\/www.adavaveiro.org\/index.php?rest_route=\/wp\/v2\/posts\/1482\/revisions\/1512"}],"wp:attachment":[{"href":"https:\/\/www.adavaveiro.org\/index.php?rest_route=%2Fwp%2Fv2%2Fmedia&parent=1482"}],"wp:term":[{"taxonomy":"category","embeddable":true,"href":"https:\/\/www.adavaveiro.org\/index.php?rest_route=%2Fwp%2Fv2%2Fcategories&post=1482"},{"taxonomy":"post_tag","embeddable":true,"href":"https:\/\/www.adavaveiro.org\/index.php?rest_route=%2Fwp%2Fv2%2Ftags&post=1482"}],"curies":[{"name":"wp","href":"https:\/\/api.w.org\/{rel}","templated":true}]}}