{"id":1538,"date":"2011-04-28T20:40:19","date_gmt":"2011-04-28T20:40:19","guid":{"rendered":"http:\/\/www.adavaveiro.org\/?p=1538"},"modified":"2011-05-15T13:46:40","modified_gmt":"2011-05-15T13:46:40","slug":"para-o-dia-da-mae","status":"publish","type":"post","link":"https:\/\/www.adavaveiro.org\/?p=1538","title":{"rendered":"VIDA NO VENTRE: 1 de Maio, \u00e0s 21:33, National Geographic Channel"},"content":{"rendered":"<p><strong><span style=\"color: #800000;\">Viu o document\u00e1rio? Ficou maravilhado com os progressos da ci\u00eancia e os milagres da vida?<\/span><\/strong><\/p>\n<p><strong><span style=\"color: #800000;\">Mande-nos o seu coment\u00e1rio para publicarmos no nosso blogue: adavaveiro@hotmail.com<\/span><\/strong><\/p>\n<p><a rel=\"attachment wp-att-1275\" href=\"http:\/\/www.adavaveiro.org\/?attachment_id=1275\"><img loading=\"lazy\" decoding=\"async\" class=\"size-thumbnail wp-image-1275 alignleft\" title=\"defender a vida\" src=\"http:\/\/www.adavaveiro.org\/wp-content\/uploads\/2011\/02\/defender-a-vida1-260x257.jpg\" alt=\"\" width=\"260\" height=\"257\" srcset=\"https:\/\/www.adavaveiro.org\/wp-content\/uploads\/2011\/02\/defender-a-vida1-260x257.jpg 260w, https:\/\/www.adavaveiro.org\/wp-content\/uploads\/2011\/02\/defender-a-vida1-300x297.jpg 300w, https:\/\/www.adavaveiro.org\/wp-content\/uploads\/2011\/02\/defender-a-vida1.jpg 400w\" sizes=\"auto, (max-width: 260px) 100vw, 260px\" \/><\/a><\/p>\n<p>O <a href=\"http:\/\/natgeo.clix.pt\/pt\" target=\"_blank\">National Geographic Channel<\/a> celebra o Dia da M\u00e3e com a estreia de um novo epis\u00f3dio da s\u00e9rie \u2018Vida no Ventre\u2019.<\/p>\n<p>Cada rec\u00e9m-nascido \u00e9 um milagre. Mas para alguns beb\u00e9s, a luta pela vida come\u00e7a muito antes do dia em que nascem. \u2018Vida no Ventre: Luta Pela Vida retrata quatro gravidezes recorrendo a imagens de alta defini\u00e7\u00e3o.<\/p>\n<p>Mostra tamb\u00e9m as vidas de quatro fam\u00edlias e quatro equipas m\u00e9dicas durante o per\u00edodo em que o futuro dos beb\u00e9s \u00e9 ainda incerto.<\/p>\n<p>Neste epis\u00f3dio de \u2018Vida no Ventre\u2019, mostra-se uma opera\u00e7\u00e3o a um feto de 26 semanas para retirar tumor que tinha ligado ao seu c\u00f3ccix. Acompanha tamb\u00e9m os primeiros dias de uma fam\u00edlia que d\u00e1 \u00e0 luz s\u00eaxtuplos muito antes de estes<br \/>\nestarem integralmente desenvolvidos. Outra das hist\u00f3rias mostra um caso num milh\u00e3o: um feto que se desenvolve fora do \u00fatero materno, ou seja no abd\u00f3men da m\u00e3e. Por fim, \u2018Vida no Ventre: Luta Pela Vida\u2019 documenta uma cirurgia fetal realizada a um beb\u00e9 com uma h\u00e9rnia no diafragma.<\/p>\n<p>Veja <a href=\"http:\/\/natgeo.clix.pt\/pt\/vida-no-ventre\/videos\/vida-no-ventre-promo-tv\" target=\"_blank\">aqui <\/a>o v\u00eddeo de promo\u00e7\u00e3o.<\/p>\n","protected":false},"excerpt":{"rendered":"<p>Viu o document\u00e1rio? Ficou maravilhado com os progressos da ci\u00eancia e os milagres da vida? Mande-nos o seu coment\u00e1rio para publicarmos no nosso blogue: adavaveiro@hotmail.com O National Geographic Channel celebra o Dia da M\u00e3e com a estreia de um novo &hellip; <a href=\"https:\/\/www.adavaveiro.org\/?p=1538\">Continuar a ler <span class=\"meta-nav\">&rarr;<\/span><\/a><\/p>\n","protected":false},"author":1,"featured_media":0,"comment_status":"closed","ping_status":"open","sticky":false,"template":"","format":"standard","meta":{"footnotes":""},"categories":[9],"tags":[],"class_list":["post-1538","post","type-post","status-publish","format-standard","hentry","category-refletir"],"_links":{"self":[{"href":"https:\/\/www.adavaveiro.org\/index.php?rest_route=\/wp\/v2\/posts\/1538","targetHints":{"allow":["GET"]}}],"collection":[{"href":"https:\/\/www.adavaveiro.org\/index.php?rest_route=\/wp\/v2\/posts"}],"about":[{"href":"https:\/\/www.adavaveiro.org\/index.php?rest_route=\/wp\/v2\/types\/post"}],"author":[{"embeddable":true,"href":"https:\/\/www.adavaveiro.org\/index.php?rest_route=\/wp\/v2\/users\/1"}],"replies":[{"embeddable":true,"href":"https:\/\/www.adavaveiro.org\/index.php?rest_route=%2Fwp%2Fv2%2Fcomments&post=1538"}],"version-history":[{"count":21,"href":"https:\/\/www.adavaveiro.org\/index.php?rest_route=\/wp\/v2\/posts\/1538\/revisions"}],"predecessor-version":[{"id":1572,"href":"https:\/\/www.adavaveiro.org\/index.php?rest_route=\/wp\/v2\/posts\/1538\/revisions\/1572"}],"wp:attachment":[{"href":"https:\/\/www.adavaveiro.org\/index.php?rest_route=%2Fwp%2Fv2%2Fmedia&parent=1538"}],"wp:term":[{"taxonomy":"category","embeddable":true,"href":"https:\/\/www.adavaveiro.org\/index.php?rest_route=%2Fwp%2Fv2%2Fcategories&post=1538"},{"taxonomy":"post_tag","embeddable":true,"href":"https:\/\/www.adavaveiro.org\/index.php?rest_route=%2Fwp%2Fv2%2Ftags&post=1538"}],"curies":[{"name":"wp","href":"https:\/\/api.w.org\/{rel}","templated":true}]}}