{"id":1563,"date":"2011-05-15T13:45:19","date_gmt":"2011-05-15T13:45:19","guid":{"rendered":"http:\/\/www.adavaveiro.org\/?p=1563"},"modified":"2011-05-15T13:46:12","modified_gmt":"2011-05-15T13:46:12","slug":"dia-internacional-das-familias","status":"publish","type":"post","link":"https:\/\/www.adavaveiro.org\/?p=1563","title":{"rendered":"dia internacional das fam\u00edlias"},"content":{"rendered":"<p style=\"text-align: left;\"><a rel=\"attachment wp-att-1564\" href=\"http:\/\/www.adavaveiro.org\/?attachment_id=1564\"><img loading=\"lazy\" decoding=\"async\" class=\"size-thumbnail wp-image-1564 alignleft\" title=\"diaintefamilias_15maio_2011\" src=\"http:\/\/www.adavaveiro.org\/wp-content\/uploads\/2011\/05\/diaintefamilias_15maio_2011-172x260.jpg\" alt=\"\" width=\"172\" height=\"260\" srcset=\"https:\/\/www.adavaveiro.org\/wp-content\/uploads\/2011\/05\/diaintefamilias_15maio_2011-172x260.jpg 172w, https:\/\/www.adavaveiro.org\/wp-content\/uploads\/2011\/05\/diaintefamilias_15maio_2011-199x300.jpg 199w, https:\/\/www.adavaveiro.org\/wp-content\/uploads\/2011\/05\/diaintefamilias_15maio_2011-680x1024.jpg 680w, https:\/\/www.adavaveiro.org\/wp-content\/uploads\/2011\/05\/diaintefamilias_15maio_2011.jpg 1481w\" sizes=\"auto, (max-width: 172px) 100vw, 172px\" \/><\/a>Dados relativos a Portugal:<\/p>\n<p style=\"text-align: left;\">1 217 200 \u00e9 o n.\u00ba de fam\u00edlias com apenas 1 filho (dados de 2008)<\/p>\n<p style=\"text-align: left;\">777 200 t\u00eam 2 filhos (dados de 2008)<\/p>\n<p style=\"text-align: left;\">1 82 200 \u00e9 o n.\u00ba de fam\u00edlias numerosas, ou seja, com 3 ou mais filhos (dados de 2008)<\/p>\n<p style=\"text-align: left;\">43% \u00e9 a incid\u00eancia de pobreza das fam\u00edlias numerosas portuguesas (dados de 2009)<\/p>\n<p style=\"text-align: left;\">as fam\u00edlias portuguesas ocupam o 2.\u00ba lugar a n\u00edvel de endividamento entre os pa\u00edses europeus (dados de 2009)<\/p>\n<p style=\"text-align: left;\">636 mil fam\u00edlias falharam pagamentos de cr\u00e9ditos em 2010 (dados de 2010)<\/p>\n<p style=\"text-align: left;\">11% do PIB per capita \u00e9 quanto se gasta na universidade, sendo que as fam\u00edlias portuguesas s\u00e3o das que mais pagam entre os pa\u00edses europeus<\/p>\n<pre style=\"text-align: left;\">in <em>Not\u00edcias Magazine<\/em> 15 de maio de 2011\r\n<\/pre>\n","protected":false},"excerpt":{"rendered":"<p>Dados relativos a Portugal: 1 217 200 \u00e9 o n.\u00ba de fam\u00edlias com apenas 1 filho (dados de 2008) 777 200 t\u00eam 2 filhos (dados de 2008) 1 82 200 \u00e9 o n.\u00ba de fam\u00edlias numerosas, ou seja, com 3 &hellip; <a href=\"https:\/\/www.adavaveiro.org\/?p=1563\">Continuar a ler <span class=\"meta-nav\">&rarr;<\/span><\/a><\/p>\n","protected":false},"author":1,"featured_media":0,"comment_status":"closed","ping_status":"open","sticky":false,"template":"","format":"standard","meta":{"footnotes":""},"categories":[9],"tags":[],"class_list":["post-1563","post","type-post","status-publish","format-standard","hentry","category-refletir"],"_links":{"self":[{"href":"https:\/\/www.adavaveiro.org\/index.php?rest_route=\/wp\/v2\/posts\/1563","targetHints":{"allow":["GET"]}}],"collection":[{"href":"https:\/\/www.adavaveiro.org\/index.php?rest_route=\/wp\/v2\/posts"}],"about":[{"href":"https:\/\/www.adavaveiro.org\/index.php?rest_route=\/wp\/v2\/types\/post"}],"author":[{"embeddable":true,"href":"https:\/\/www.adavaveiro.org\/index.php?rest_route=\/wp\/v2\/users\/1"}],"replies":[{"embeddable":true,"href":"https:\/\/www.adavaveiro.org\/index.php?rest_route=%2Fwp%2Fv2%2Fcomments&post=1563"}],"version-history":[{"count":4,"href":"https:\/\/www.adavaveiro.org\/index.php?rest_route=\/wp\/v2\/posts\/1563\/revisions"}],"predecessor-version":[{"id":1568,"href":"https:\/\/www.adavaveiro.org\/index.php?rest_route=\/wp\/v2\/posts\/1563\/revisions\/1568"}],"wp:attachment":[{"href":"https:\/\/www.adavaveiro.org\/index.php?rest_route=%2Fwp%2Fv2%2Fmedia&parent=1563"}],"wp:term":[{"taxonomy":"category","embeddable":true,"href":"https:\/\/www.adavaveiro.org\/index.php?rest_route=%2Fwp%2Fv2%2Fcategories&post=1563"},{"taxonomy":"post_tag","embeddable":true,"href":"https:\/\/www.adavaveiro.org\/index.php?rest_route=%2Fwp%2Fv2%2Ftags&post=1563"}],"curies":[{"name":"wp","href":"https:\/\/api.w.org\/{rel}","templated":true}]}}