{"id":1573,"date":"2011-05-16T16:32:28","date_gmt":"2011-05-16T16:32:28","guid":{"rendered":"http:\/\/www.adavaveiro.org\/?p=1573"},"modified":"2011-05-16T16:35:47","modified_gmt":"2011-05-16T16:35:47","slug":"medicos-querem-rever-as-leis-do-aborto-e-da-pma","status":"publish","type":"post","link":"https:\/\/www.adavaveiro.org\/?p=1573","title":{"rendered":"M\u00e9dicos querem rever as leis do aborto e da PMA"},"content":{"rendered":"<p>Est\u00e1 na hora de rever as leis da interrup\u00e7\u00e3o volunt\u00e1ria da gravidez  (IVG) e da procria\u00e7\u00e3o medicamente assistida (PMA) &#8220;no sentido de as  aperfei\u00e7oar e melhorar&#8221;, defende o presidente do Conselho Nacional de  \u00c9tica para as Ci\u00eancias da Vida (CNECV), Miguel Oliveira da Silva.<\/p>\n<p>Rever a Lei do Aborto &#8211; ler a reportagem no <a href=\"http:\/\/www.publico.pt\/Sociedade\/medicos-querem-rever-as-leis-do-aborto_1494327\" target=\"_blank\"><em>P\u00fablico<\/em><\/a> de 16 de maio de 2011 OU no site da <a href=\"http:\/\/www.adavaveiro.org\/?page_id=1575\" target=\"_self\">ADAV Aveiro<\/a><\/p>\n","protected":false},"excerpt":{"rendered":"<p>Est\u00e1 na hora de rever as leis da interrup\u00e7\u00e3o volunt\u00e1ria da gravidez (IVG) e da procria\u00e7\u00e3o medicamente assistida (PMA) &#8220;no sentido de as aperfei\u00e7oar e melhorar&#8221;, defende o presidente do Conselho Nacional de \u00c9tica para as Ci\u00eancias da Vida (CNECV), &hellip; <a href=\"https:\/\/www.adavaveiro.org\/?p=1573\">Continuar a ler <span class=\"meta-nav\">&rarr;<\/span><\/a><\/p>\n","protected":false},"author":1,"featured_media":0,"comment_status":"closed","ping_status":"open","sticky":false,"template":"","format":"standard","meta":{"footnotes":""},"categories":[20],"tags":[],"class_list":["post-1573","post","type-post","status-publish","format-standard","hentry","category-informacao"],"_links":{"self":[{"href":"https:\/\/www.adavaveiro.org\/index.php?rest_route=\/wp\/v2\/posts\/1573","targetHints":{"allow":["GET"]}}],"collection":[{"href":"https:\/\/www.adavaveiro.org\/index.php?rest_route=\/wp\/v2\/posts"}],"about":[{"href":"https:\/\/www.adavaveiro.org\/index.php?rest_route=\/wp\/v2\/types\/post"}],"author":[{"embeddable":true,"href":"https:\/\/www.adavaveiro.org\/index.php?rest_route=\/wp\/v2\/users\/1"}],"replies":[{"embeddable":true,"href":"https:\/\/www.adavaveiro.org\/index.php?rest_route=%2Fwp%2Fv2%2Fcomments&post=1573"}],"version-history":[{"count":3,"href":"https:\/\/www.adavaveiro.org\/index.php?rest_route=\/wp\/v2\/posts\/1573\/revisions"}],"predecessor-version":[{"id":1579,"href":"https:\/\/www.adavaveiro.org\/index.php?rest_route=\/wp\/v2\/posts\/1573\/revisions\/1579"}],"wp:attachment":[{"href":"https:\/\/www.adavaveiro.org\/index.php?rest_route=%2Fwp%2Fv2%2Fmedia&parent=1573"}],"wp:term":[{"taxonomy":"category","embeddable":true,"href":"https:\/\/www.adavaveiro.org\/index.php?rest_route=%2Fwp%2Fv2%2Fcategories&post=1573"},{"taxonomy":"post_tag","embeddable":true,"href":"https:\/\/www.adavaveiro.org\/index.php?rest_route=%2Fwp%2Fv2%2Ftags&post=1573"}],"curies":[{"name":"wp","href":"https:\/\/api.w.org\/{rel}","templated":true}]}}