{"id":1592,"date":"2011-06-01T16:21:40","date_gmt":"2011-06-01T16:21:40","guid":{"rendered":"http:\/\/www.adavaveiro.org\/?p=1592"},"modified":"2011-07-03T17:09:29","modified_gmt":"2011-07-03T17:09:29","slug":"dia-mundial-da-crianca","status":"publish","type":"post","link":"https:\/\/www.adavaveiro.org\/?p=1592","title":{"rendered":"dia mundial da crian\u00e7a"},"content":{"rendered":"<p style=\"text-align: left;\"><a rel=\"attachment wp-att-1596\" href=\"http:\/\/www.adavaveiro.org\/?attachment_id=1596\"><img loading=\"lazy\" decoding=\"async\" class=\"size-thumbnail wp-image-1596  alignright\" title=\"Dia mundial da crianca_NM_29maio 2011\" src=\"http:\/\/www.adavaveiro.org\/wp-content\/uploads\/2011\/06\/Dia-mundial-da-crianca_NM_29maio-2011-174x260.jpg\" alt=\"\" width=\"159\" height=\"238\" srcset=\"https:\/\/www.adavaveiro.org\/wp-content\/uploads\/2011\/06\/Dia-mundial-da-crianca_NM_29maio-2011-174x260.jpg 174w, https:\/\/www.adavaveiro.org\/wp-content\/uploads\/2011\/06\/Dia-mundial-da-crianca_NM_29maio-2011-201x300.jpg 201w, https:\/\/www.adavaveiro.org\/wp-content\/uploads\/2011\/06\/Dia-mundial-da-crianca_NM_29maio-2011-688x1024.jpg 688w\" sizes=\"auto, (max-width: 159px) 100vw, 159px\" \/><\/a>10 \u00e9 o n.\u00ba dos princ\u00edpios que fazem parte da Declara\u00e7\u00e3o Universal dos Direitos das Crian\u00e7as, aprovada a 20 de novembro de 1959, pela Assembleia Geral da ONU. LER <a href=\"http:\/\/www.adavaveiro.org\/index.php?paged=16\" target=\"_blank\">aqui<\/a>.<\/p>\n<p style=\"text-align: left;\">16,6% \u00e9 a taxa de pobreza infantil em Portugal &#8211; Dados da OCDE de abril 2011<\/p>\n<p style=\"text-align: left;\">2463 era, em meados de 2009, o n.\u00ba de crian\u00e7as que estavam em condi\u00e7\u00f5es de serem adotadas em Portugal<\/p>\n<p style=\"text-align: left;\">11 mil era o n.\u00ba de crian\u00e7as institucionalizadas em Portugal, em mar\u00e7o de 2009<\/p>\n<p style=\"text-align: left;\">3,6% &#8211; taxa de mortalidade infantil em Portugal (dados INE 2009)<\/p>\n<p style=\"text-align: left;\">60% das crian\u00e7as tem um perfil numa rede social, destes 25% n\u00e3o tem qualquer restri\u00e7\u00e3o de acesso<\/p>\n<p style=\"text-align: left;\">65% das crian\u00e7as em Portugal tem um computador port\u00e1til (mas Portugal \u00e9 o p\u00e1i europeu com mais crian\u00e7as sem acesso \u00e0 internet)<\/p>\n","protected":false},"excerpt":{"rendered":"<p>10 \u00e9 o n.\u00ba dos princ\u00edpios que fazem parte da Declara\u00e7\u00e3o Universal dos Direitos das Crian\u00e7as, aprovada a 20 de novembro de 1959, pela Assembleia Geral da ONU. LER aqui. 16,6% \u00e9 a taxa de pobreza infantil em Portugal &#8211; &hellip; <a href=\"https:\/\/www.adavaveiro.org\/?p=1592\">Continuar a ler <span class=\"meta-nav\">&rarr;<\/span><\/a><\/p>\n","protected":false},"author":1,"featured_media":0,"comment_status":"closed","ping_status":"open","sticky":false,"template":"","format":"standard","meta":{"footnotes":""},"categories":[8,9],"tags":[],"class_list":["post-1592","post","type-post","status-publish","format-standard","hentry","category-comemoracao","category-refletir"],"_links":{"self":[{"href":"https:\/\/www.adavaveiro.org\/index.php?rest_route=\/wp\/v2\/posts\/1592","targetHints":{"allow":["GET"]}}],"collection":[{"href":"https:\/\/www.adavaveiro.org\/index.php?rest_route=\/wp\/v2\/posts"}],"about":[{"href":"https:\/\/www.adavaveiro.org\/index.php?rest_route=\/wp\/v2\/types\/post"}],"author":[{"embeddable":true,"href":"https:\/\/www.adavaveiro.org\/index.php?rest_route=\/wp\/v2\/users\/1"}],"replies":[{"embeddable":true,"href":"https:\/\/www.adavaveiro.org\/index.php?rest_route=%2Fwp%2Fv2%2Fcomments&post=1592"}],"version-history":[{"count":17,"href":"https:\/\/www.adavaveiro.org\/index.php?rest_route=\/wp\/v2\/posts\/1592\/revisions"}],"predecessor-version":[{"id":1601,"href":"https:\/\/www.adavaveiro.org\/index.php?rest_route=\/wp\/v2\/posts\/1592\/revisions\/1601"}],"wp:attachment":[{"href":"https:\/\/www.adavaveiro.org\/index.php?rest_route=%2Fwp%2Fv2%2Fmedia&parent=1592"}],"wp:term":[{"taxonomy":"category","embeddable":true,"href":"https:\/\/www.adavaveiro.org\/index.php?rest_route=%2Fwp%2Fv2%2Fcategories&post=1592"},{"taxonomy":"post_tag","embeddable":true,"href":"https:\/\/www.adavaveiro.org\/index.php?rest_route=%2Fwp%2Fv2%2Ftags&post=1592"}],"curies":[{"name":"wp","href":"https:\/\/api.w.org\/{rel}","templated":true}]}}