{"id":1643,"date":"2011-07-05T20:51:15","date_gmt":"2011-07-05T20:51:15","guid":{"rendered":"http:\/\/www.adavaveiro.org\/?p=1643"},"modified":"2011-07-09T09:58:08","modified_gmt":"2011-07-09T09:58:08","slug":"concerto-de-solidariedade","status":"publish","type":"post","link":"https:\/\/www.adavaveiro.org\/?p=1643","title":{"rendered":"concerto de solidariedade"},"content":{"rendered":"<p>No Audit\u00f3rio do Centro Social de Avanca, ir\u00e1 decorrer um concerto para apoiar o Centro Paroquial de Fermel\u00e3.<\/p>\n<p style=\"text-align: center;\">15 de julho &#8211; 21h30<\/p>\n<h2 style=\"text-align: center;\"><strong><span style=\"color: #000080;\">TODOS S\u00c3O PRECISOS<\/span><br \/>\n<\/strong><span style=\"color: #000080;\"><strong>APARE\u00c7AM<\/strong>!<\/span><\/h2>\n<p><a rel=\"attachment wp-att-1644\" href=\"http:\/\/www.adavaveiro.org\/?attachment_id=1644\"><img loading=\"lazy\" decoding=\"async\" class=\"aligncenter size-thumbnail wp-image-1644\" title=\"FermelaConcertoPBorgajpg\" src=\"http:\/\/www.adavaveiro.org\/wp-content\/uploads\/2011\/07\/FermelaConcertoPBorgajpg-260x195.jpg\" alt=\"\" width=\"340\" height=\"254\" srcset=\"https:\/\/www.adavaveiro.org\/wp-content\/uploads\/2011\/07\/FermelaConcertoPBorgajpg-260x195.jpg 260w, https:\/\/www.adavaveiro.org\/wp-content\/uploads\/2011\/07\/FermelaConcertoPBorgajpg-300x225.jpg 300w, https:\/\/www.adavaveiro.org\/wp-content\/uploads\/2011\/07\/FermelaConcertoPBorgajpg-1024x768.jpg 1024w, https:\/\/www.adavaveiro.org\/wp-content\/uploads\/2011\/07\/FermelaConcertoPBorgajpg.jpg 1344w\" sizes=\"auto, (max-width: 340px) 100vw, 340px\" \/><\/a><\/p>\n","protected":false},"excerpt":{"rendered":"<p>No Audit\u00f3rio do Centro Social de Avanca, ir\u00e1 decorrer um concerto para apoiar o Centro Paroquial de Fermel\u00e3. 15 de julho &#8211; 21h30 TODOS S\u00c3O PRECISOS APARE\u00c7AM!<\/p>\n","protected":false},"author":1,"featured_media":0,"comment_status":"closed","ping_status":"open","sticky":false,"template":"","format":"standard","meta":{"footnotes":""},"categories":[20],"tags":[],"class_list":["post-1643","post","type-post","status-publish","format-standard","hentry","category-informacao"],"_links":{"self":[{"href":"https:\/\/www.adavaveiro.org\/index.php?rest_route=\/wp\/v2\/posts\/1643","targetHints":{"allow":["GET"]}}],"collection":[{"href":"https:\/\/www.adavaveiro.org\/index.php?rest_route=\/wp\/v2\/posts"}],"about":[{"href":"https:\/\/www.adavaveiro.org\/index.php?rest_route=\/wp\/v2\/types\/post"}],"author":[{"embeddable":true,"href":"https:\/\/www.adavaveiro.org\/index.php?rest_route=\/wp\/v2\/users\/1"}],"replies":[{"embeddable":true,"href":"https:\/\/www.adavaveiro.org\/index.php?rest_route=%2Fwp%2Fv2%2Fcomments&post=1643"}],"version-history":[{"count":15,"href":"https:\/\/www.adavaveiro.org\/index.php?rest_route=\/wp\/v2\/posts\/1643\/revisions"}],"predecessor-version":[{"id":1682,"href":"https:\/\/www.adavaveiro.org\/index.php?rest_route=\/wp\/v2\/posts\/1643\/revisions\/1682"}],"wp:attachment":[{"href":"https:\/\/www.adavaveiro.org\/index.php?rest_route=%2Fwp%2Fv2%2Fmedia&parent=1643"}],"wp:term":[{"taxonomy":"category","embeddable":true,"href":"https:\/\/www.adavaveiro.org\/index.php?rest_route=%2Fwp%2Fv2%2Fcategories&post=1643"},{"taxonomy":"post_tag","embeddable":true,"href":"https:\/\/www.adavaveiro.org\/index.php?rest_route=%2Fwp%2Fv2%2Ftags&post=1643"}],"curies":[{"name":"wp","href":"https:\/\/api.w.org\/{rel}","templated":true}]}}