{"id":1687,"date":"2011-07-10T08:51:25","date_gmt":"2011-07-10T08:51:25","guid":{"rendered":"http:\/\/www.adavaveiro.org\/?p=1687"},"modified":"2011-07-10T09:07:58","modified_gmt":"2011-07-10T09:07:58","slug":"colaborar-com-a-adav","status":"publish","type":"post","link":"https:\/\/www.adavaveiro.org\/?p=1687","title":{"rendered":"colaborar com a ADAV"},"content":{"rendered":"<p><a rel=\"attachment wp-att-1693\" href=\"http:\/\/www.adavaveiro.org\/?attachment_id=1693\"><img loading=\"lazy\" decoding=\"async\" class=\"size-full wp-image-1693 alignleft\" title=\"menininha\" src=\"http:\/\/www.adavaveiro.org\/wp-content\/uploads\/2011\/07\/menininha.gif\" alt=\"\" width=\"213\" height=\"226\" \/><\/a>Muitos t\u00eam sido aqueles que colaboram com a ADAV Aveiro, para connosco prestarem apoio a fam\u00edlias mais carenciadas.<br \/>\nAqui deixamos o nosso apre\u00e7o ao grupo de cerca de 20 volunt\u00e1rios que, semanalmente, mant\u00e9m a porta da sede aberta: encaminham casos para as entidades competentes, d\u00e3o apoio jur\u00eddico, distribuem roupa, papas, leites e fraldas para beb\u00e9s, e outros produtos de primeira necessidade.<\/p>\n<p>Tamb\u00e9m nos chegam donativos que agradecemos, pois os tempos est\u00e3o dif\u00edceis e as crian\u00e7as n\u00e3o podem ficar sem comer.<\/p>\n<p>Agradecemos em especial a uma <a href=\"http:\/\/www.ptf.pt\/\" target=\"_blank\">empresa<\/a> de Sever do Vouga, que connosco colaborou, para que os produtos que se devem manter no frio n\u00e3o se estraguem.<\/p>\n<p>Bem-hajam!<\/p>\n","protected":false},"excerpt":{"rendered":"<p>Muitos t\u00eam sido aqueles que colaboram com a ADAV Aveiro, para connosco prestarem apoio a fam\u00edlias mais carenciadas. Aqui deixamos o nosso apre\u00e7o ao grupo de cerca de 20 volunt\u00e1rios que, semanalmente, mant\u00e9m a porta da sede aberta: encaminham casos &hellip; <a href=\"https:\/\/www.adavaveiro.org\/?p=1687\">Continuar a ler <span class=\"meta-nav\">&rarr;<\/span><\/a><\/p>\n","protected":false},"author":1,"featured_media":0,"comment_status":"closed","ping_status":"open","sticky":false,"template":"","format":"standard","meta":{"footnotes":""},"categories":[13],"tags":[],"class_list":["post-1687","post","type-post","status-publish","format-standard","hentry","category-colaborar"],"_links":{"self":[{"href":"https:\/\/www.adavaveiro.org\/index.php?rest_route=\/wp\/v2\/posts\/1687","targetHints":{"allow":["GET"]}}],"collection":[{"href":"https:\/\/www.adavaveiro.org\/index.php?rest_route=\/wp\/v2\/posts"}],"about":[{"href":"https:\/\/www.adavaveiro.org\/index.php?rest_route=\/wp\/v2\/types\/post"}],"author":[{"embeddable":true,"href":"https:\/\/www.adavaveiro.org\/index.php?rest_route=\/wp\/v2\/users\/1"}],"replies":[{"embeddable":true,"href":"https:\/\/www.adavaveiro.org\/index.php?rest_route=%2Fwp%2Fv2%2Fcomments&post=1687"}],"version-history":[{"count":7,"href":"https:\/\/www.adavaveiro.org\/index.php?rest_route=\/wp\/v2\/posts\/1687\/revisions"}],"predecessor-version":[{"id":1695,"href":"https:\/\/www.adavaveiro.org\/index.php?rest_route=\/wp\/v2\/posts\/1687\/revisions\/1695"}],"wp:attachment":[{"href":"https:\/\/www.adavaveiro.org\/index.php?rest_route=%2Fwp%2Fv2%2Fmedia&parent=1687"}],"wp:term":[{"taxonomy":"category","embeddable":true,"href":"https:\/\/www.adavaveiro.org\/index.php?rest_route=%2Fwp%2Fv2%2Fcategories&post=1687"},{"taxonomy":"post_tag","embeddable":true,"href":"https:\/\/www.adavaveiro.org\/index.php?rest_route=%2Fwp%2Fv2%2Ftags&post=1687"}],"curies":[{"name":"wp","href":"https:\/\/api.w.org\/{rel}","templated":true}]}}