{"id":1698,"date":"2011-07-12T10:51:53","date_gmt":"2011-07-12T10:51:53","guid":{"rendered":"http:\/\/www.adavaveiro.org\/?p=1698"},"modified":"2011-08-20T15:26:47","modified_gmt":"2011-08-20T15:26:47","slug":"como-manipular-as-consciencias","status":"publish","type":"post","link":"https:\/\/www.adavaveiro.org\/?p=1698","title":{"rendered":"como manipular as consci\u00eancias?"},"content":{"rendered":"<p style=\"text-align: center;\">Coment\u00e1rio de Lu\u00eds Silva, Presidente da Direc\u00e7\u00e3o da ADAV AVEIRO:<\/p>\n<p><strong><span style=\"color: #000080;\">&#8220;Esta decis\u00e3o da igas, que pretende ocultar a v\u00edtima, s\u00f3 prova que esta n\u00e3o  \u00e9 mat\u00e9ria de consci\u00eancia, mas sim de <span style=\"text-decoration: underline;\">inconsci\u00eancia<\/span>. Sempre foi assim,  ao longo da hist\u00f3ria: \u00e9 melhor apagar qualquer mem\u00f3ria das v\u00edtimas por  ser inc\u00f3moda.&#8221;<br \/>\n<\/span><\/strong><\/p>\n<p style=\"text-align: left;\"><a rel=\"attachment wp-att-1724\" href=\"http:\/\/www.adavaveiro.org\/?attachment_id=1724\"><img loading=\"lazy\" decoding=\"async\" class=\"aligncenter size-full wp-image-1724\" title=\"para pintar\" src=\"http:\/\/www.adavaveiro.org\/wp-content\/uploads\/2011\/07\/para-pintar.jpg\" alt=\"\" width=\"474\" height=\"214\" srcset=\"https:\/\/www.adavaveiro.org\/wp-content\/uploads\/2011\/07\/para-pintar.jpg 474w, https:\/\/www.adavaveiro.org\/wp-content\/uploads\/2011\/07\/para-pintar-260x117.jpg 260w, https:\/\/www.adavaveiro.org\/wp-content\/uploads\/2011\/07\/para-pintar-300x135.jpg 300w\" sizes=\"auto, (max-width: 474px) 100vw, 474px\" \/><\/a><\/p>\n<p style=\"text-align: center;\">\n<p style=\"text-align: center;\">\n<p style=\"text-align: center;\">\n<p>O t\u00edtulo \u00e9 nosso, mas o artigo \u00e9 do <a href=\"http:\/\/www.adavaveiro.org\/?page_id=1696\">Di\u00e1rio de Not\u00edcias<\/a> (12 de julho 2011), que d\u00e1 conta de um Relat\u00f3rio da Inspec\u00e7\u00e3o-Geral das Actividades em Sa\u00fade. A p\u00e1ginas 84, entre v\u00e1rias recomenda\u00e7\u00f5es, surge esta:<\/p>\n<p>&#8220;Remo\u00e7\u00e3o de objectos, que de algum modo possam interferir com a livre escolha da mulher (por exemplo objectos alusivos \u00e0 inf\u00e2ncia ou do foro religioso) dos gabinetes m\u00e9dicos e de apoio psicol\u00f3gico e social, onde \u00e9 prestado atendimento a estas utentes.&#8221; &#8211; Relat\u00f3rio completo &#8211; <a href=\"http:\/\/www.igas.min-saude.pt\/?cr=6826\" target=\"_blank\">AQUI<\/a>.<\/p>\n<p>Aqui fica uma sugest\u00e3o: desenhos e mais desenhos para <a href=\"http:\/\/desenhos.kids.sapo.pt\/criancas.html\" target=\"_blank\">ilustrar<\/a>!<\/p>\n","protected":false},"excerpt":{"rendered":"<p>Coment\u00e1rio de Lu\u00eds Silva, Presidente da Direc\u00e7\u00e3o da ADAV AVEIRO: &#8220;Esta decis\u00e3o da igas, que pretende ocultar a v\u00edtima, s\u00f3 prova que esta n\u00e3o \u00e9 mat\u00e9ria de consci\u00eancia, mas sim de inconsci\u00eancia. Sempre foi assim, ao longo da hist\u00f3ria: \u00e9 &hellip; <a href=\"https:\/\/www.adavaveiro.org\/?p=1698\">Continuar a ler <span class=\"meta-nav\">&rarr;<\/span><\/a><\/p>\n","protected":false},"author":1,"featured_media":0,"comment_status":"closed","ping_status":"open","sticky":false,"template":"","format":"standard","meta":{"footnotes":""},"categories":[9],"tags":[],"class_list":["post-1698","post","type-post","status-publish","format-standard","hentry","category-refletir"],"_links":{"self":[{"href":"https:\/\/www.adavaveiro.org\/index.php?rest_route=\/wp\/v2\/posts\/1698","targetHints":{"allow":["GET"]}}],"collection":[{"href":"https:\/\/www.adavaveiro.org\/index.php?rest_route=\/wp\/v2\/posts"}],"about":[{"href":"https:\/\/www.adavaveiro.org\/index.php?rest_route=\/wp\/v2\/types\/post"}],"author":[{"embeddable":true,"href":"https:\/\/www.adavaveiro.org\/index.php?rest_route=\/wp\/v2\/users\/1"}],"replies":[{"embeddable":true,"href":"https:\/\/www.adavaveiro.org\/index.php?rest_route=%2Fwp%2Fv2%2Fcomments&post=1698"}],"version-history":[{"count":53,"href":"https:\/\/www.adavaveiro.org\/index.php?rest_route=\/wp\/v2\/posts\/1698\/revisions"}],"predecessor-version":[{"id":1700,"href":"https:\/\/www.adavaveiro.org\/index.php?rest_route=\/wp\/v2\/posts\/1698\/revisions\/1700"}],"wp:attachment":[{"href":"https:\/\/www.adavaveiro.org\/index.php?rest_route=%2Fwp%2Fv2%2Fmedia&parent=1698"}],"wp:term":[{"taxonomy":"category","embeddable":true,"href":"https:\/\/www.adavaveiro.org\/index.php?rest_route=%2Fwp%2Fv2%2Fcategories&post=1698"},{"taxonomy":"post_tag","embeddable":true,"href":"https:\/\/www.adavaveiro.org\/index.php?rest_route=%2Fwp%2Fv2%2Ftags&post=1698"}],"curies":[{"name":"wp","href":"https:\/\/api.w.org\/{rel}","templated":true}]}}