{"id":1755,"date":"2011-07-18T16:40:03","date_gmt":"2011-07-18T16:40:03","guid":{"rendered":"http:\/\/www.adavaveiro.org\/?p=1755"},"modified":"2011-07-18T20:41:48","modified_gmt":"2011-07-18T20:41:48","slug":"caminhas-e-bercos","status":"publish","type":"post","link":"https:\/\/www.adavaveiro.org\/?p=1755","title":{"rendered":"Caminhas e ber\u00e7os"},"content":{"rendered":"<p>Na ADAV Aveiro, temos v\u00e1rios beb\u00e9s que precisam de passar  das alcofas para uma caminha de grades.<br \/>\nTamb\u00e9m temos alguns rec\u00e9m-nascidos  para quem n\u00e3o temos alcofas suficientes.<\/p>\n<p style=\"text-align: center;\"><a rel=\"attachment wp-att-1785\" href=\"http:\/\/www.adavaveiro.org\/?attachment_id=1785\"><img loading=\"lazy\" decoding=\"async\" class=\"size-thumbnail wp-image-1785 aligncenter\" title=\"campanha caminhas de grades\" src=\"http:\/\/www.adavaveiro.org\/wp-content\/uploads\/2011\/07\/campanha-caminhas-de-grades-182x260.jpg\" alt=\"\" width=\"182\" height=\"260\" srcset=\"https:\/\/www.adavaveiro.org\/wp-content\/uploads\/2011\/07\/campanha-caminhas-de-grades-182x260.jpg 182w, https:\/\/www.adavaveiro.org\/wp-content\/uploads\/2011\/07\/campanha-caminhas-de-grades-210x300.jpg 210w, https:\/\/www.adavaveiro.org\/wp-content\/uploads\/2011\/07\/campanha-caminhas-de-grades-719x1024.jpg 719w, https:\/\/www.adavaveiro.org\/wp-content\/uploads\/2011\/07\/campanha-caminhas-de-grades.jpg 1562w\" sizes=\"auto, (max-width: 182px) 100vw, 182px\" \/><\/a><\/p>\n<p>Caso precise que vamos  buscar as caminhas, contacte-nos por e-mail, para combinarmos a melhor  maneira.<\/p>\n","protected":false},"excerpt":{"rendered":"<p>Na ADAV Aveiro, temos v\u00e1rios beb\u00e9s que precisam de passar das alcofas para uma caminha de grades. Tamb\u00e9m temos alguns rec\u00e9m-nascidos para quem n\u00e3o temos alcofas suficientes. Caso precise que vamos buscar as caminhas, contacte-nos por e-mail, para combinarmos a &hellip; <a href=\"https:\/\/www.adavaveiro.org\/?p=1755\">Continuar a ler <span class=\"meta-nav\">&rarr;<\/span><\/a><\/p>\n","protected":false},"author":1,"featured_media":0,"comment_status":"closed","ping_status":"open","sticky":false,"template":"","format":"standard","meta":{"footnotes":""},"categories":[13],"tags":[],"class_list":["post-1755","post","type-post","status-publish","format-standard","hentry","category-colaborar"],"_links":{"self":[{"href":"https:\/\/www.adavaveiro.org\/index.php?rest_route=\/wp\/v2\/posts\/1755","targetHints":{"allow":["GET"]}}],"collection":[{"href":"https:\/\/www.adavaveiro.org\/index.php?rest_route=\/wp\/v2\/posts"}],"about":[{"href":"https:\/\/www.adavaveiro.org\/index.php?rest_route=\/wp\/v2\/types\/post"}],"author":[{"embeddable":true,"href":"https:\/\/www.adavaveiro.org\/index.php?rest_route=\/wp\/v2\/users\/1"}],"replies":[{"embeddable":true,"href":"https:\/\/www.adavaveiro.org\/index.php?rest_route=%2Fwp%2Fv2%2Fcomments&post=1755"}],"version-history":[{"count":28,"href":"https:\/\/www.adavaveiro.org\/index.php?rest_route=\/wp\/v2\/posts\/1755\/revisions"}],"predecessor-version":[{"id":1789,"href":"https:\/\/www.adavaveiro.org\/index.php?rest_route=\/wp\/v2\/posts\/1755\/revisions\/1789"}],"wp:attachment":[{"href":"https:\/\/www.adavaveiro.org\/index.php?rest_route=%2Fwp%2Fv2%2Fmedia&parent=1755"}],"wp:term":[{"taxonomy":"category","embeddable":true,"href":"https:\/\/www.adavaveiro.org\/index.php?rest_route=%2Fwp%2Fv2%2Fcategories&post=1755"},{"taxonomy":"post_tag","embeddable":true,"href":"https:\/\/www.adavaveiro.org\/index.php?rest_route=%2Fwp%2Fv2%2Ftags&post=1755"}],"curies":[{"name":"wp","href":"https:\/\/api.w.org\/{rel}","templated":true}]}}