{"id":1790,"date":"2011-07-27T20:56:16","date_gmt":"2011-07-27T20:56:16","guid":{"rendered":"http:\/\/www.adavaveiro.org\/?p=1790"},"modified":"2011-07-27T21:07:08","modified_gmt":"2011-07-27T21:07:08","slug":"articular-com-varias-instituicoes","status":"publish","type":"post","link":"https:\/\/www.adavaveiro.org\/?p=1790","title":{"rendered":"articular com v\u00e1rias institui\u00e7\u00f5es"},"content":{"rendered":"<p>No m\u00eas de maio, a ADAV Aveiro divulgou os seus objectivos e as estrat\u00e9gias de ac\u00e7\u00e3o para ajudar gr\u00e1vidas em risco e beb\u00e9s. Estas a\u00e7\u00f5es revelaram-se muito importantes, pois, por um lado, tivemos a  oportunidade de coordenar com as institui\u00e7\u00f5es que atuam na mesma \u00e1rea e,  por outro, debatemos com alunos e os seus pais e encarregados de educa\u00e7\u00e3o temas que preocupam os jovens, como a gravidez na adolesc\u00eancia, a homossexualidade e a viol\u00eancia no namoro.<\/p>\n<p style=\"text-align: center;\"><a rel=\"attachment wp-att-1203\" href=\"http:\/\/www.adavaveiro.org\/?attachment_id=1203\"><img loading=\"lazy\" decoding=\"async\" class=\"alignnone size-thumbnail wp-image-1203\" title=\"reuniao\" src=\"http:\/\/www.adavaveiro.org\/wp-content\/uploads\/2011\/02\/reuniao-260x166.jpg\" alt=\"\" width=\"260\" height=\"166\" \/><\/a><\/p>\n<p style=\"text-align: left;\">No dia 21, participou num painel do Conselho  Central de Aveiro da Sociedade de S. Vicente de Paulo, em que estiveram  v\u00e1rias associa\u00e7\u00f5es que se ocupam dos casos de solidariedade social.<\/p>\n<p style=\"text-align: left;\">No  dia 27 , representada pela nossa respons\u00e1vel pelo atendimento, Fernanda  Capit\u00e3o, participou numa palestra, organizada por um grupo de alunos do  prof. Armindo Jorge, de \u00e1rea de projecto do 12.\u00ba A, na escola secund\u00e1ria  Homem Cristo. Esta palestra contou ainda com a presen\u00e7a da Enfermeira  Mariana Vicente, especialista em sa\u00fade materna e obstetr\u00edcia do Hospital  de Aveiro e do Dr. Gon\u00e7alo Marto, m\u00e9dico de medicina interna, tamb\u00e9m do  Hospital de Aveiro.<\/p>\n","protected":false},"excerpt":{"rendered":"<p>No m\u00eas de maio, a ADAV Aveiro divulgou os seus objectivos e as estrat\u00e9gias de ac\u00e7\u00e3o para ajudar gr\u00e1vidas em risco e beb\u00e9s. Estas a\u00e7\u00f5es revelaram-se muito importantes, pois, por um lado, tivemos a oportunidade de coordenar com as institui\u00e7\u00f5es &hellip; <a href=\"https:\/\/www.adavaveiro.org\/?p=1790\">Continuar a ler <span class=\"meta-nav\">&rarr;<\/span><\/a><\/p>\n","protected":false},"author":1,"featured_media":0,"comment_status":"closed","ping_status":"open","sticky":false,"template":"","format":"standard","meta":{"footnotes":""},"categories":[13],"tags":[],"class_list":["post-1790","post","type-post","status-publish","format-standard","hentry","category-colaborar"],"_links":{"self":[{"href":"https:\/\/www.adavaveiro.org\/index.php?rest_route=\/wp\/v2\/posts\/1790","targetHints":{"allow":["GET"]}}],"collection":[{"href":"https:\/\/www.adavaveiro.org\/index.php?rest_route=\/wp\/v2\/posts"}],"about":[{"href":"https:\/\/www.adavaveiro.org\/index.php?rest_route=\/wp\/v2\/types\/post"}],"author":[{"embeddable":true,"href":"https:\/\/www.adavaveiro.org\/index.php?rest_route=\/wp\/v2\/users\/1"}],"replies":[{"embeddable":true,"href":"https:\/\/www.adavaveiro.org\/index.php?rest_route=%2Fwp%2Fv2%2Fcomments&post=1790"}],"version-history":[{"count":8,"href":"https:\/\/www.adavaveiro.org\/index.php?rest_route=\/wp\/v2\/posts\/1790\/revisions"}],"predecessor-version":[{"id":1798,"href":"https:\/\/www.adavaveiro.org\/index.php?rest_route=\/wp\/v2\/posts\/1790\/revisions\/1798"}],"wp:attachment":[{"href":"https:\/\/www.adavaveiro.org\/index.php?rest_route=%2Fwp%2Fv2%2Fmedia&parent=1790"}],"wp:term":[{"taxonomy":"category","embeddable":true,"href":"https:\/\/www.adavaveiro.org\/index.php?rest_route=%2Fwp%2Fv2%2Fcategories&post=1790"},{"taxonomy":"post_tag","embeddable":true,"href":"https:\/\/www.adavaveiro.org\/index.php?rest_route=%2Fwp%2Fv2%2Ftags&post=1790"}],"curies":[{"name":"wp","href":"https:\/\/api.w.org\/{rel}","templated":true}]}}