{"id":1799,"date":"2011-07-27T21:10:38","date_gmt":"2011-07-27T21:10:38","guid":{"rendered":"http:\/\/www.adavaveiro.org\/?p=1799"},"modified":"2011-07-27T21:16:50","modified_gmt":"2011-07-27T21:16:50","slug":"encontros-com-maes-na-junta-de-freguesia-da-gloria","status":"publish","type":"post","link":"https:\/\/www.adavaveiro.org\/?p=1799","title":{"rendered":"com as m\u00e3es na junta de freguesia da Gl\u00f3ria"},"content":{"rendered":"<p>Com as Florinhas do Vouga, a Cruz Vermelha e a Junta de Freguesia da  Gl\u00f3ria, inici\u00e1mos uma ac\u00e7\u00e3o de forma\u00e7\u00e3o composta por tr\u00eas blocos, dividida em 3 tardes:<\/p>\n<p><a rel=\"attachment wp-att-1805\" href=\"http:\/\/www.adavaveiro.org\/?attachment_id=1805\"><img loading=\"lazy\" decoding=\"async\" class=\"size-thumbnail wp-image-1805  alignleft\" title=\"poupar\" src=\"http:\/\/www.adavaveiro.org\/wp-content\/uploads\/2011\/07\/poupar-241x260.jpg\" alt=\"\" width=\"139\" height=\"149\" srcset=\"https:\/\/www.adavaveiro.org\/wp-content\/uploads\/2011\/07\/poupar-241x260.jpg 241w, https:\/\/www.adavaveiro.org\/wp-content\/uploads\/2011\/07\/poupar-278x300.jpg 278w, https:\/\/www.adavaveiro.org\/wp-content\/uploads\/2011\/07\/poupar.jpg 362w\" sizes=\"auto, (max-width: 139px) 100vw, 139px\" \/><\/a><\/p>\n<p>1.\u00aa Economia  dom\u00e9stica &#8211; 25 de julho<\/p>\n<p>2.\u00aa Organiza\u00e7\u00e3o  dom\u00e9stica &#8211; 3 de agosto<\/p>\n<p>3.\u00aa Cuidados de Imagem &#8211;\u00a0 10 de agosto<\/p>\n<p>Esta forma\u00e7\u00e3o \u00e9 ministrada por uma  volunt\u00e1ria da ADAV, a enfermeira \u00c1urea, e realiza-se \u00e0s 14 e 30 nas instala\u00e7\u00f5es  da Junta de Freguesia da Gl\u00f3ria.<\/p>\n","protected":false},"excerpt":{"rendered":"<p>Com as Florinhas do Vouga, a Cruz Vermelha e a Junta de Freguesia da Gl\u00f3ria, inici\u00e1mos uma ac\u00e7\u00e3o de forma\u00e7\u00e3o composta por tr\u00eas blocos, dividida em 3 tardes: 1.\u00aa Economia dom\u00e9stica &#8211; 25 de julho 2.\u00aa Organiza\u00e7\u00e3o dom\u00e9stica &#8211; 3 &hellip; <a href=\"https:\/\/www.adavaveiro.org\/?p=1799\">Continuar a ler <span class=\"meta-nav\">&rarr;<\/span><\/a><\/p>\n","protected":false},"author":1,"featured_media":0,"comment_status":"closed","ping_status":"open","sticky":false,"template":"","format":"standard","meta":{"footnotes":""},"categories":[24],"tags":[],"class_list":["post-1799","post","type-post","status-publish","format-standard","hentry","category-formacao"],"_links":{"self":[{"href":"https:\/\/www.adavaveiro.org\/index.php?rest_route=\/wp\/v2\/posts\/1799","targetHints":{"allow":["GET"]}}],"collection":[{"href":"https:\/\/www.adavaveiro.org\/index.php?rest_route=\/wp\/v2\/posts"}],"about":[{"href":"https:\/\/www.adavaveiro.org\/index.php?rest_route=\/wp\/v2\/types\/post"}],"author":[{"embeddable":true,"href":"https:\/\/www.adavaveiro.org\/index.php?rest_route=\/wp\/v2\/users\/1"}],"replies":[{"embeddable":true,"href":"https:\/\/www.adavaveiro.org\/index.php?rest_route=%2Fwp%2Fv2%2Fcomments&post=1799"}],"version-history":[{"count":15,"href":"https:\/\/www.adavaveiro.org\/index.php?rest_route=\/wp\/v2\/posts\/1799\/revisions"}],"predecessor-version":[{"id":1815,"href":"https:\/\/www.adavaveiro.org\/index.php?rest_route=\/wp\/v2\/posts\/1799\/revisions\/1815"}],"wp:attachment":[{"href":"https:\/\/www.adavaveiro.org\/index.php?rest_route=%2Fwp%2Fv2%2Fmedia&parent=1799"}],"wp:term":[{"taxonomy":"category","embeddable":true,"href":"https:\/\/www.adavaveiro.org\/index.php?rest_route=%2Fwp%2Fv2%2Fcategories&post=1799"},{"taxonomy":"post_tag","embeddable":true,"href":"https:\/\/www.adavaveiro.org\/index.php?rest_route=%2Fwp%2Fv2%2Ftags&post=1799"}],"curies":[{"name":"wp","href":"https:\/\/api.w.org\/{rel}","templated":true}]}}