{"id":1855,"date":"2011-08-28T14:19:26","date_gmt":"2011-08-28T14:19:26","guid":{"rendered":"http:\/\/www.adavaveiro.org\/?p=1855"},"modified":"2011-08-28T14:33:44","modified_gmt":"2011-08-28T14:33:44","slug":"quantas-horas-de-sono","status":"publish","type":"post","link":"https:\/\/www.adavaveiro.org\/?p=1855","title":{"rendered":"quantas horas de sono?"},"content":{"rendered":"<p style=\"text-align: center;\"><a rel=\"attachment wp-att-1858\" href=\"http:\/\/www.adavaveiro.org\/?attachment_id=1858\"><img loading=\"lazy\" decoding=\"async\" class=\"alignnone size-thumbnail wp-image-1858\" title=\"bebes-dormindo-Anne Guedes\" src=\"http:\/\/www.adavaveiro.org\/wp-content\/uploads\/2011\/08\/bebes-dormindo-Anne-Guedes-260x195.jpg\" alt=\"\" width=\"260\" height=\"195\" srcset=\"https:\/\/www.adavaveiro.org\/wp-content\/uploads\/2011\/08\/bebes-dormindo-Anne-Guedes-260x195.jpg 260w, https:\/\/www.adavaveiro.org\/wp-content\/uploads\/2011\/08\/bebes-dormindo-Anne-Guedes-300x225.jpg 300w, https:\/\/www.adavaveiro.org\/wp-content\/uploads\/2011\/08\/bebes-dormindo-Anne-Guedes.jpg 1024w\" sizes=\"auto, (max-width: 260px) 100vw, 260px\" \/><\/a><\/p>\n<h3 style=\"text-align: center;\"><strong>uma crian\u00e7a deve dormir entre 10 e 11horas<\/strong><strong> <\/strong><strong>as crian\u00e7as pequenas devem dormir ainda mais horas<\/strong><\/p>\n<p>9 horas \u00e9 quanto um adolescente deve dormir<\/h3>\n","protected":false},"excerpt":{"rendered":"<p>uma crian\u00e7a deve dormir entre 10 e 11horas as crian\u00e7as pequenas devem dormir ainda mais horas 9 horas \u00e9 quanto um adolescente deve dormir<\/p>\n","protected":false},"author":1,"featured_media":0,"comment_status":"closed","ping_status":"open","sticky":false,"template":"","format":"standard","meta":{"footnotes":""},"categories":[20],"tags":[],"class_list":["post-1855","post","type-post","status-publish","format-standard","hentry","category-informacao"],"_links":{"self":[{"href":"https:\/\/www.adavaveiro.org\/index.php?rest_route=\/wp\/v2\/posts\/1855","targetHints":{"allow":["GET"]}}],"collection":[{"href":"https:\/\/www.adavaveiro.org\/index.php?rest_route=\/wp\/v2\/posts"}],"about":[{"href":"https:\/\/www.adavaveiro.org\/index.php?rest_route=\/wp\/v2\/types\/post"}],"author":[{"embeddable":true,"href":"https:\/\/www.adavaveiro.org\/index.php?rest_route=\/wp\/v2\/users\/1"}],"replies":[{"embeddable":true,"href":"https:\/\/www.adavaveiro.org\/index.php?rest_route=%2Fwp%2Fv2%2Fcomments&post=1855"}],"version-history":[{"count":16,"href":"https:\/\/www.adavaveiro.org\/index.php?rest_route=\/wp\/v2\/posts\/1855\/revisions"}],"predecessor-version":[{"id":1873,"href":"https:\/\/www.adavaveiro.org\/index.php?rest_route=\/wp\/v2\/posts\/1855\/revisions\/1873"}],"wp:attachment":[{"href":"https:\/\/www.adavaveiro.org\/index.php?rest_route=%2Fwp%2Fv2%2Fmedia&parent=1855"}],"wp:term":[{"taxonomy":"category","embeddable":true,"href":"https:\/\/www.adavaveiro.org\/index.php?rest_route=%2Fwp%2Fv2%2Fcategories&post=1855"},{"taxonomy":"post_tag","embeddable":true,"href":"https:\/\/www.adavaveiro.org\/index.php?rest_route=%2Fwp%2Fv2%2Ftags&post=1855"}],"curies":[{"name":"wp","href":"https:\/\/api.w.org\/{rel}","templated":true}]}}