{"id":1871,"date":"2011-08-28T14:43:32","date_gmt":"2011-08-28T14:43:32","guid":{"rendered":"http:\/\/www.adavaveiro.org\/?p=1871"},"modified":"2011-08-28T15:04:30","modified_gmt":"2011-08-28T15:04:30","slug":"dividir-tarefas-domesticas","status":"publish","type":"post","link":"https:\/\/www.adavaveiro.org\/?p=1871","title":{"rendered":"dividir tarefas dom\u00e9sticas"},"content":{"rendered":"<p>Vale a pensa ler e relembrar a import\u00e2ncia da partilha das tarefas dom\u00e9sticas desde pequenino:<\/p>\n<p style=\"text-align: left;\"><a rel=\"attachment wp-att-1874\" href=\"http:\/\/www.adavaveiro.org\/?attachment_id=1874\"><img loading=\"lazy\" decoding=\"async\" class=\"size-thumbnail wp-image-1874 alignleft\" title=\"dividir tarefas domesticas_28AG2011\" src=\"http:\/\/www.adavaveiro.org\/wp-content\/uploads\/2011\/08\/dividir-tarefas-domesticas_28AG2011-179x260.jpg\" alt=\"\" width=\"179\" height=\"260\" srcset=\"https:\/\/www.adavaveiro.org\/wp-content\/uploads\/2011\/08\/dividir-tarefas-domesticas_28AG2011-179x260.jpg 179w, https:\/\/www.adavaveiro.org\/wp-content\/uploads\/2011\/08\/dividir-tarefas-domesticas_28AG2011-207x300.jpg 207w, https:\/\/www.adavaveiro.org\/wp-content\/uploads\/2011\/08\/dividir-tarefas-domesticas_28AG2011-706x1024.jpg 706w, https:\/\/www.adavaveiro.org\/wp-content\/uploads\/2011\/08\/dividir-tarefas-domesticas_28AG2011.jpg 1572w\" sizes=\"auto, (max-width: 179px) 100vw, 179px\" \/><\/a> &#8220;(&#8230;) \u00e9 aconselh\u00e1vel que as crian\u00e7as sejam incentivadas a participar nas tarefas dom\u00e9sticas desde muito cedo, porque assim aprendem a assumir responsabilidades, a ganhar autonomia, a desempenhar um papel produtivo na vida da fam\u00edlia e a desenvolver a capacidade para tomar decis\u00f5es, para gerir o tempo e para cooperar, que vai estabelecer\u00a0 a sua auto-estima, bem como criar alicerces para assumir responsabilidades perante a comunidade em geral. Os pais devem escolher as tarefas apropriadas \u00e0 idade e ao n\u00edvel de maturidade dos filhos (&#8230;). De in\u00edcio as tarefas podem ser simples, como <strong><span style=\"color: #000080;\">arrumar os brinquedos, dobrar as roupas e manter o quarto arrumado<\/span><\/strong>. Gradualmente outras tarefas dom\u00e9sticas rotineiras podem ser introduzidas: <strong><span style=\"color: #000080;\">p\u00f4r e levantar a mesa, esvaziar o caixote de lixo (separar o lixo e reciclar), arrumar a cozinha<\/span><\/strong>.<br \/>\n<span style=\"color: #000080;\">Qu<\/span><span style=\"color: #000080;\"><span style=\"color: #000080;\">ando <\/span>h\u00e1 mais do que um irm\u00e3o, h\u00e1 que dividir as tarefas<\/span> (&#8230;).<br \/>\n(&#8230;) plano aceite por todos deve ser amplamente participado atrav\u00e9s de uma  discuss\u00e3o pr\u00e9via e escrito na forma de <span style=\"color: #800000;\"><strong>c<\/strong><strong>alend\u00e1rio das obriga\u00e7\u00f5es de cada  um<\/strong><\/span>, claramente descrito (<strong><span style=\"color: #800000;\">por pal<\/span><\/strong><span style=\"color: #800000;\"><strong>avras, desenhos, hor\u00e1rios<\/strong><\/span>) de maneira a  que todos percebam.<br \/>\nEste plano pode ser um excelente amigo, uma divis\u00e3o clara de responsabilidades sem margem para discuss\u00f5es. (&#8230;)<br \/>\nA efic\u00e1cia de um regime deste tipo implica que se seja consciente e firme e que isso seja claro para todos. (&#8230;) <span style=\"color: #000080;\"><strong>O<\/strong><strong>s pais devem resistir \u00e0 tenta\u00e7\u00e3o de fazer as coisas pelos filhos (requer muita paci\u00eancia) mas o resultado vale a pena<\/strong><\/span>.&#8221;<\/p>\n<p>Eva Delgado-Martins, Psic\u00f3loga.<br \/>\n<strong>Not\u00edcias <\/strong>Magazine 28.Agosto.2011<\/p>\n","protected":false},"excerpt":{"rendered":"<p>Vale a pensa ler e relembrar a import\u00e2ncia da partilha das tarefas dom\u00e9sticas desde pequenino: &#8220;(&#8230;) \u00e9 aconselh\u00e1vel que as crian\u00e7as sejam incentivadas a participar nas tarefas dom\u00e9sticas desde muito cedo, porque assim aprendem a assumir responsabilidades, a ganhar autonomia, &hellip; <a href=\"https:\/\/www.adavaveiro.org\/?p=1871\">Continuar a ler <span class=\"meta-nav\">&rarr;<\/span><\/a><\/p>\n","protected":false},"author":1,"featured_media":0,"comment_status":"closed","ping_status":"open","sticky":false,"template":"","format":"standard","meta":{"footnotes":""},"categories":[24],"tags":[],"class_list":["post-1871","post","type-post","status-publish","format-standard","hentry","category-formacao"],"_links":{"self":[{"href":"https:\/\/www.adavaveiro.org\/index.php?rest_route=\/wp\/v2\/posts\/1871","targetHints":{"allow":["GET"]}}],"collection":[{"href":"https:\/\/www.adavaveiro.org\/index.php?rest_route=\/wp\/v2\/posts"}],"about":[{"href":"https:\/\/www.adavaveiro.org\/index.php?rest_route=\/wp\/v2\/types\/post"}],"author":[{"embeddable":true,"href":"https:\/\/www.adavaveiro.org\/index.php?rest_route=\/wp\/v2\/users\/1"}],"replies":[{"embeddable":true,"href":"https:\/\/www.adavaveiro.org\/index.php?rest_route=%2Fwp%2Fv2%2Fcomments&post=1871"}],"version-history":[{"count":29,"href":"https:\/\/www.adavaveiro.org\/index.php?rest_route=\/wp\/v2\/posts\/1871\/revisions"}],"predecessor-version":[{"id":1903,"href":"https:\/\/www.adavaveiro.org\/index.php?rest_route=\/wp\/v2\/posts\/1871\/revisions\/1903"}],"wp:attachment":[{"href":"https:\/\/www.adavaveiro.org\/index.php?rest_route=%2Fwp%2Fv2%2Fmedia&parent=1871"}],"wp:term":[{"taxonomy":"category","embeddable":true,"href":"https:\/\/www.adavaveiro.org\/index.php?rest_route=%2Fwp%2Fv2%2Fcategories&post=1871"},{"taxonomy":"post_tag","embeddable":true,"href":"https:\/\/www.adavaveiro.org\/index.php?rest_route=%2Fwp%2Fv2%2Ftags&post=1871"}],"curies":[{"name":"wp","href":"https:\/\/api.w.org\/{rel}","templated":true}]}}