{"id":1904,"date":"2011-09-05T12:34:35","date_gmt":"2011-09-05T12:34:35","guid":{"rendered":"http:\/\/www.adavaveiro.org\/?p=1904"},"modified":"2011-09-05T12:51:09","modified_gmt":"2011-09-05T12:51:09","slug":"aborto-gratuito","status":"publish","type":"post","link":"https:\/\/www.adavaveiro.org\/?p=1904","title":{"rendered":"aborto gratuito &#8211; problema econ\u00f3mico?!"},"content":{"rendered":"<p style=\"text-align: left;\"><a rel=\"attachment wp-att-311\" href=\"http:\/\/www.adavaveiro.org\/?attachment_id=311\"><img loading=\"lazy\" decoding=\"async\" class=\"size-thumbnail wp-image-311 alignleft\" title=\"vida-no-ventre1\" src=\"http:\/\/www.adavaveiro.org\/wp-content\/uploads\/vida-no-ventre12-150x150.jpg\" alt=\"\" width=\"150\" height=\"150\" \/><\/a>&#8220;Portanto, no Portugal progressista de 2011, uma mulher que d\u00e1 \u00e0 luz <em>\u00e9 menos protegida<\/em> do que uma mulher que escolhe abortar. Meus caros, tudo isto \u00e9 uma imoralidade tremenda, para usar um eufemismo public\u00e1vel.&#8221;<\/p>\n<p style=\"text-align: left;\"><a href=\"http:\/\/www.adavaveiro.org\/?page_id=1923\" target=\"_blank\">Cr\u00f3nica<\/a> a merecer reflex\u00e3o, in <em>Expresso<\/em><span class=\"artigoAutor\"><em>, <\/em>Henrique Raposo (www.expresso.pt),<\/span><strong> <\/strong>Segunda feira,  5 de setembro de 2011<\/p>\n<div id=\"_mcePaste\" style=\"position: absolute; left: -10000px; top: 0px; width: 1px; height: 1px; overflow: hidden;\">no Portugal progressista de 2011, uma mulher que d\u00e1 \u00e0 luz <em>\u00e9 menos protegida<\/em> do que uma mulher que escolhe abortar. Meus caros, tudo isto \u00e9 uma imoralidade tremenda, para usar um eufemismo public\u00e1ve<\/p>\n<div style=\"overflow: hidden; color: #000000; background-color: transparent; text-align: left; text-decoration: none; border: medium none;\">Ler mais: <a style=\"color: #003399;\" href=\"http:\/\/aeiou.expresso.pt\/o-aborto-gratuito-e-ofensivo=f671762#ixzz1X54Yr2X6\">http:\/\/aeiou.expresso.pt\/o-aborto-gratuito-e-ofensivo=f671762#ixzz1X54Yr2X6<\/a><\/div>\n<\/div>\n","protected":false},"excerpt":{"rendered":"<p>&#8220;Portanto, no Portugal progressista de 2011, uma mulher que d\u00e1 \u00e0 luz \u00e9 menos protegida do que uma mulher que escolhe abortar. Meus caros, tudo isto \u00e9 uma imoralidade tremenda, para usar um eufemismo public\u00e1vel.&#8221; Cr\u00f3nica a merecer reflex\u00e3o, in &hellip; <a href=\"https:\/\/www.adavaveiro.org\/?p=1904\">Continuar a ler <span class=\"meta-nav\">&rarr;<\/span><\/a><\/p>\n","protected":false},"author":1,"featured_media":0,"comment_status":"closed","ping_status":"open","sticky":false,"template":"","format":"standard","meta":{"footnotes":""},"categories":[9],"tags":[],"class_list":["post-1904","post","type-post","status-publish","format-standard","hentry","category-refletir"],"_links":{"self":[{"href":"https:\/\/www.adavaveiro.org\/index.php?rest_route=\/wp\/v2\/posts\/1904","targetHints":{"allow":["GET"]}}],"collection":[{"href":"https:\/\/www.adavaveiro.org\/index.php?rest_route=\/wp\/v2\/posts"}],"about":[{"href":"https:\/\/www.adavaveiro.org\/index.php?rest_route=\/wp\/v2\/types\/post"}],"author":[{"embeddable":true,"href":"https:\/\/www.adavaveiro.org\/index.php?rest_route=\/wp\/v2\/users\/1"}],"replies":[{"embeddable":true,"href":"https:\/\/www.adavaveiro.org\/index.php?rest_route=%2Fwp%2Fv2%2Fcomments&post=1904"}],"version-history":[{"count":22,"href":"https:\/\/www.adavaveiro.org\/index.php?rest_route=\/wp\/v2\/posts\/1904\/revisions"}],"predecessor-version":[{"id":1931,"href":"https:\/\/www.adavaveiro.org\/index.php?rest_route=\/wp\/v2\/posts\/1904\/revisions\/1931"}],"wp:attachment":[{"href":"https:\/\/www.adavaveiro.org\/index.php?rest_route=%2Fwp%2Fv2%2Fmedia&parent=1904"}],"wp:term":[{"taxonomy":"category","embeddable":true,"href":"https:\/\/www.adavaveiro.org\/index.php?rest_route=%2Fwp%2Fv2%2Fcategories&post=1904"},{"taxonomy":"post_tag","embeddable":true,"href":"https:\/\/www.adavaveiro.org\/index.php?rest_route=%2Fwp%2Fv2%2Ftags&post=1904"}],"curies":[{"name":"wp","href":"https:\/\/api.w.org\/{rel}","templated":true}]}}