{"id":1961,"date":"2011-10-16T14:35:26","date_gmt":"2011-10-16T14:35:26","guid":{"rendered":"http:\/\/www.adavaveiro.org\/?p=1961"},"modified":"2011-10-26T20:35:49","modified_gmt":"2011-10-26T20:35:49","slug":"reuniao-de-voluntarias","status":"publish","type":"post","link":"https:\/\/www.adavaveiro.org\/?p=1961","title":{"rendered":"Reuni\u00e3o de Volunt\u00e1rias"},"content":{"rendered":"<p style=\"text-align: center;\"><strong>5.\u00aa feira &#8211; 20 de outubro &#8211; 15h <\/strong><\/p>\n<p>No dia 2o de outubro, na sede (Mercado de Santiago, Aveiro), re\u00fanem-se as nossas volunt\u00e1rias que fazem o atendimento, para concertar estrat\u00e9gias e fazer o balan\u00e7o das atividades.<\/p>\n<p style=\"text-align: center;\">Um grande bem-haja a mais de uma dezena de pessoas que disponibiliza parte do seu tempo para se dedicar aos outros&#8230;<\/p>\n<p style=\"text-align: center;\"><a rel=\"attachment wp-att-1962\" href=\"http:\/\/www.adavaveiro.org\/?attachment_id=1962\"><img loading=\"lazy\" decoding=\"async\" class=\"size-thumbnail wp-image-1962  aligncenter\" title=\"maca borboleta\" src=\"http:\/\/www.adavaveiro.org\/wp-content\/uploads\/2011\/10\/maca-borboleta-260x218.jpg\" alt=\"\" width=\"260\" height=\"218\" srcset=\"https:\/\/www.adavaveiro.org\/wp-content\/uploads\/2011\/10\/maca-borboleta-260x218.jpg 260w, https:\/\/www.adavaveiro.org\/wp-content\/uploads\/2011\/10\/maca-borboleta-300x252.jpg 300w, https:\/\/www.adavaveiro.org\/wp-content\/uploads\/2011\/10\/maca-borboleta.jpg 500w\" sizes=\"auto, (max-width: 260px) 100vw, 260px\" \/><\/a><\/p>\n","protected":false},"excerpt":{"rendered":"<p>5.\u00aa feira &#8211; 20 de outubro &#8211; 15h No dia 2o de outubro, na sede (Mercado de Santiago, Aveiro), re\u00fanem-se as nossas volunt\u00e1rias que fazem o atendimento, para concertar estrat\u00e9gias e fazer o balan\u00e7o das atividades. Um grande bem-haja a &hellip; <a href=\"https:\/\/www.adavaveiro.org\/?p=1961\">Continuar a ler <span class=\"meta-nav\">&rarr;<\/span><\/a><\/p>\n","protected":false},"author":1,"featured_media":0,"comment_status":"closed","ping_status":"open","sticky":false,"template":"","format":"standard","meta":{"footnotes":""},"categories":[13,9],"tags":[],"class_list":["post-1961","post","type-post","status-publish","format-standard","hentry","category-colaborar","category-refletir"],"_links":{"self":[{"href":"https:\/\/www.adavaveiro.org\/index.php?rest_route=\/wp\/v2\/posts\/1961","targetHints":{"allow":["GET"]}}],"collection":[{"href":"https:\/\/www.adavaveiro.org\/index.php?rest_route=\/wp\/v2\/posts"}],"about":[{"href":"https:\/\/www.adavaveiro.org\/index.php?rest_route=\/wp\/v2\/types\/post"}],"author":[{"embeddable":true,"href":"https:\/\/www.adavaveiro.org\/index.php?rest_route=\/wp\/v2\/users\/1"}],"replies":[{"embeddable":true,"href":"https:\/\/www.adavaveiro.org\/index.php?rest_route=%2Fwp%2Fv2%2Fcomments&post=1961"}],"version-history":[{"count":20,"href":"https:\/\/www.adavaveiro.org\/index.php?rest_route=\/wp\/v2\/posts\/1961\/revisions"}],"predecessor-version":[{"id":2003,"href":"https:\/\/www.adavaveiro.org\/index.php?rest_route=\/wp\/v2\/posts\/1961\/revisions\/2003"}],"wp:attachment":[{"href":"https:\/\/www.adavaveiro.org\/index.php?rest_route=%2Fwp%2Fv2%2Fmedia&parent=1961"}],"wp:term":[{"taxonomy":"category","embeddable":true,"href":"https:\/\/www.adavaveiro.org\/index.php?rest_route=%2Fwp%2Fv2%2Fcategories&post=1961"},{"taxonomy":"post_tag","embeddable":true,"href":"https:\/\/www.adavaveiro.org\/index.php?rest_route=%2Fwp%2Fv2%2Ftags&post=1961"}],"curies":[{"name":"wp","href":"https:\/\/api.w.org\/{rel}","templated":true}]}}