{"id":197,"date":"2010-04-13T20:29:42","date_gmt":"2010-04-13T20:29:42","guid":{"rendered":"http:\/\/www.adavaveiro.org\/?p=197"},"modified":"2010-04-13T21:10:58","modified_gmt":"2010-04-13T21:10:58","slug":"voluntariado-na-adav","status":"publish","type":"post","link":"https:\/\/www.adavaveiro.org\/?p=197","title":{"rendered":"Voluntariado na ADAV"},"content":{"rendered":"<p><a href=\"http:\/\/www.adavaveiro.org\/wp-content\/uploads\/abraco_maior.gif\"><img loading=\"lazy\" decoding=\"async\" class=\"alignleft size-thumbnail wp-image-201\" title=\"abraco_maior\" src=\"http:\/\/www.adavaveiro.org\/wp-content\/uploads\/abraco_maior-150x150.gif\" alt=\"\" width=\"150\" height=\"150\" \/><\/a><strong>A minha experi\u00eancia como volunt\u00e1ria<\/strong><\/p>\n<p><em>Lurdes Correia<\/em><\/p>\n<p>Foi h\u00e1 dois anos que resolvi ocupar algum do meu tempo livre, motivado por uma situa\u00e7\u00e3o de desemprego, no voluntariado da ADAV &#8211; Associa\u00e7\u00e3o de Defesa e Apoio da vida.<\/p>\n<p>Quando para l\u00e1 fui, foi-me dito que o trabalho a que era chamada a fazer era o atendimento a mulheres gr\u00e1vidas ou com filhos pequenos, carenciadas a quem ir\u00edamos ajudar com enxovais para beb\u00e9s leites e fraldas, roupas e cal\u00e7ado para as outras crian\u00e7as e alguns alimentos.<\/p>\n<p><strong>Hoje<\/strong>, \u00e0 dist\u00e2ncia de dois anos, o meu trabalho dentro da associa\u00e7\u00e3o \u00e9 muito mais do que isto.<\/p>\n<p>A minha viv\u00eancia com muitas das realidades mudou a minha maneira de ver a vida. Envolvi-me com as ang\u00fastias das mulheres que partilharam comigo as suas vidas, situa\u00e7\u00f5es dram\u00e1ticas que me fizeram pensar como \u00e9 que eu pude algum dia me queixar.<\/p>\n<p>Mulheres jovens que se encontram gr\u00e1vidas, algumas j\u00e1 sozinhas, porque os companheiros partiram mesmo sem terem visto os filhos nascer.<\/p>\n<p>Mulheres que, mesmo lutando contra a vontade dos companheiros, tiveram a coragem de deixar os seus filhos nascerem.<\/p>\n<p>No exemplo destas mulheres interrogo-me: ser\u00e1 que eu fui uma mulher de coragem nas coisas que correram menos bem na minha vida?<\/p>\n<p>No acompanhamento que fa\u00e7o a todas estas mulheres, tamb\u00e9m incluo acompanh\u00e1-las a algumas Institui\u00e7\u00f5es para tratar dos seus problemas. O atendimento nem sempre \u00e9 o mais justo, \u00e9 preciso que se d\u00ea voz a quem n\u00e3o a tem.<\/p>\n<p>Ser ouvinte, mais do que falar, \u00e0s vezes \u00e9 t\u00e3o s\u00f3 isto o que precisam.<\/p>\n<p>Gosto de abra\u00e7\u00e1-las, olh\u00e1-las nos olhos, quando partem, e sentir que est\u00e3o melhor do que quando chegaram.<\/p>\n<p>Sinto que ficam contentes quando as cumprimento, se me cruzo com elas na rua. Sinto-me feliz com este meu trabalho de entrega aos outros, dou muito de mim, mas recebo muito mais.<\/p>\n<p style=\"text-align: right;\">Abril de 2010<\/p>\n","protected":false},"excerpt":{"rendered":"<p>A minha experi\u00eancia como volunt\u00e1ria Lurdes Correia Foi h\u00e1 dois anos que resolvi ocupar algum do meu tempo livre, motivado por uma situa\u00e7\u00e3o de desemprego, no voluntariado da ADAV &#8211; Associa\u00e7\u00e3o de Defesa e Apoio da vida. Quando para l\u00e1 &hellip; <a href=\"https:\/\/www.adavaveiro.org\/?p=197\">Continuar a ler <span class=\"meta-nav\">&rarr;<\/span><\/a><\/p>\n","protected":false},"author":1,"featured_media":0,"comment_status":"closed","ping_status":"closed","sticky":false,"template":"","format":"standard","meta":{"footnotes":""},"categories":[9],"tags":[],"class_list":["post-197","post","type-post","status-publish","format-standard","hentry","category-refletir"],"_links":{"self":[{"href":"https:\/\/www.adavaveiro.org\/index.php?rest_route=\/wp\/v2\/posts\/197","targetHints":{"allow":["GET"]}}],"collection":[{"href":"https:\/\/www.adavaveiro.org\/index.php?rest_route=\/wp\/v2\/posts"}],"about":[{"href":"https:\/\/www.adavaveiro.org\/index.php?rest_route=\/wp\/v2\/types\/post"}],"author":[{"embeddable":true,"href":"https:\/\/www.adavaveiro.org\/index.php?rest_route=\/wp\/v2\/users\/1"}],"replies":[{"embeddable":true,"href":"https:\/\/www.adavaveiro.org\/index.php?rest_route=%2Fwp%2Fv2%2Fcomments&post=197"}],"version-history":[{"count":15,"href":"https:\/\/www.adavaveiro.org\/index.php?rest_route=\/wp\/v2\/posts\/197\/revisions"}],"predecessor-version":[{"id":200,"href":"https:\/\/www.adavaveiro.org\/index.php?rest_route=\/wp\/v2\/posts\/197\/revisions\/200"}],"wp:attachment":[{"href":"https:\/\/www.adavaveiro.org\/index.php?rest_route=%2Fwp%2Fv2%2Fmedia&parent=197"}],"wp:term":[{"taxonomy":"category","embeddable":true,"href":"https:\/\/www.adavaveiro.org\/index.php?rest_route=%2Fwp%2Fv2%2Fcategories&post=197"},{"taxonomy":"post_tag","embeddable":true,"href":"https:\/\/www.adavaveiro.org\/index.php?rest_route=%2Fwp%2Fv2%2Ftags&post=197"}],"curies":[{"name":"wp","href":"https:\/\/api.w.org\/{rel}","templated":true}]}}