{"id":1992,"date":"2011-10-26T20:25:03","date_gmt":"2011-10-26T20:25:03","guid":{"rendered":"http:\/\/www.adavaveiro.org\/?p=1992"},"modified":"2013-02-16T22:09:02","modified_gmt":"2013-02-16T22:09:02","slug":"portugal-tem-poucos-bebes","status":"publish","type":"post","link":"https:\/\/www.adavaveiro.org\/?p=1992","title":{"rendered":"Portugal tem poucos beb\u00e9s"},"content":{"rendered":"<p><a href=\"http:\/\/www.adavaveiro.org\/?attachment_id=1999\" rel=\"attachment wp-att-1999\"><img loading=\"lazy\" decoding=\"async\" class=\"aligncenter size-thumbnail wp-image-1999\" title=\"bebes 7000 milhoes\" alt=\"\" src=\"http:\/\/www.adavaveiro.org\/wp-content\/uploads\/2011\/10\/bebes-7000-milhoes-260x173.jpg\" width=\"260\" height=\"173\" srcset=\"https:\/\/www.adavaveiro.org\/wp-content\/uploads\/2011\/10\/bebes-7000-milhoes-260x173.jpg 260w, https:\/\/www.adavaveiro.org\/wp-content\/uploads\/2011\/10\/bebes-7000-milhoes-300x199.jpg 300w, https:\/\/www.adavaveiro.org\/wp-content\/uploads\/2011\/10\/bebes-7000-milhoes.jpg 350w\" sizes=\"auto, (max-width: 260px) 100vw, 260px\" \/><\/a><\/p>\n<p>A natalidade em Portugal est\u00e1 em baixa. Sobre este assunto debru\u00e7a-se o artigo de 26 de outubro de 2011 do <em>P\u00fablico<\/em>. D\u00e1 ainda conta de que, na segunda-feira, dia 31 de outubro de 2011, nasce o beb\u00e9 que colocar\u00e1 a popula\u00e7\u00e3o mundial nos 7000 milh\u00f5es.<\/p>\n<p>Ler <a href=\"http:\/\/www.adavaveiro.org\/?page_id=1995\">AQUI<\/a> ou jornal <em>online<\/em> <a href=\"http:\/\/www.publico.pt\/Mundo\/portugal-sem-bebes-num-mundo-de-7000-milhoes-de-pessoas-1518347\" target=\"_blank\"><em>P\u00fablico<\/em><\/a><\/p>\n","protected":false},"excerpt":{"rendered":"<p>A natalidade em Portugal est\u00e1 em baixa. Sobre este assunto debru\u00e7a-se o artigo de 26 de outubro de 2011 do P\u00fablico. D\u00e1 ainda conta de que, na segunda-feira, dia 31 de outubro de 2011, nasce o beb\u00e9 que colocar\u00e1 a &hellip; <a href=\"https:\/\/www.adavaveiro.org\/?p=1992\">Continuar a ler <span class=\"meta-nav\">&rarr;<\/span><\/a><\/p>\n","protected":false},"author":1,"featured_media":0,"comment_status":"closed","ping_status":"closed","sticky":false,"template":"","format":"standard","meta":{"footnotes":""},"categories":[20,9],"tags":[],"class_list":["post-1992","post","type-post","status-publish","format-standard","hentry","category-informacao","category-refletir"],"_links":{"self":[{"href":"https:\/\/www.adavaveiro.org\/index.php?rest_route=\/wp\/v2\/posts\/1992","targetHints":{"allow":["GET"]}}],"collection":[{"href":"https:\/\/www.adavaveiro.org\/index.php?rest_route=\/wp\/v2\/posts"}],"about":[{"href":"https:\/\/www.adavaveiro.org\/index.php?rest_route=\/wp\/v2\/types\/post"}],"author":[{"embeddable":true,"href":"https:\/\/www.adavaveiro.org\/index.php?rest_route=\/wp\/v2\/users\/1"}],"replies":[{"embeddable":true,"href":"https:\/\/www.adavaveiro.org\/index.php?rest_route=%2Fwp%2Fv2%2Fcomments&post=1992"}],"version-history":[{"count":9,"href":"https:\/\/www.adavaveiro.org\/index.php?rest_route=\/wp\/v2\/posts\/1992\/revisions"}],"predecessor-version":[{"id":1997,"href":"https:\/\/www.adavaveiro.org\/index.php?rest_route=\/wp\/v2\/posts\/1992\/revisions\/1997"}],"wp:attachment":[{"href":"https:\/\/www.adavaveiro.org\/index.php?rest_route=%2Fwp%2Fv2%2Fmedia&parent=1992"}],"wp:term":[{"taxonomy":"category","embeddable":true,"href":"https:\/\/www.adavaveiro.org\/index.php?rest_route=%2Fwp%2Fv2%2Fcategories&post=1992"},{"taxonomy":"post_tag","embeddable":true,"href":"https:\/\/www.adavaveiro.org\/index.php?rest_route=%2Fwp%2Fv2%2Ftags&post=1992"}],"curies":[{"name":"wp","href":"https:\/\/api.w.org\/{rel}","templated":true}]}}