{"id":2006,"date":"2011-10-30T17:50:19","date_gmt":"2011-10-30T17:50:19","guid":{"rendered":"http:\/\/www.adavaveiro.org\/?p=2006"},"modified":"2011-10-30T17:53:15","modified_gmt":"2011-10-30T17:53:15","slug":"quanto-vale-um-voluntario","status":"publish","type":"post","link":"https:\/\/www.adavaveiro.org\/?p=2006","title":{"rendered":"quanto vale um volunt\u00e1rio"},"content":{"rendered":"<p style=\"text-align: center;\">Conversa sobre a import\u00e2ncia do Voluntariado.<br \/>\nApare\u00e7a!<br \/>\nNO CUFC, em Aveiro, \u00e0s 21h, no dia 2 de novembro.<\/p>\n<p><a rel=\"attachment wp-att-2007\" href=\"http:\/\/www.adavaveiro.org\/?attachment_id=2007\"><br \/>\n<\/a><a rel=\"attachment wp-att-2010\" href=\"http:\/\/www.adavaveiro.org\/?attachment_id=2010\"><img loading=\"lazy\" decoding=\"async\" class=\"aligncenter size-thumbnail wp-image-2010\" title=\"cartaz_voluntario\" src=\"http:\/\/www.adavaveiro.org\/wp-content\/uploads\/2011\/10\/cartaz_voluntario1-99x260.jpg\" alt=\"\" width=\"99\" height=\"260\" \/><\/a><\/p>\n","protected":false},"excerpt":{"rendered":"<p>Conversa sobre a import\u00e2ncia do Voluntariado. Apare\u00e7a! NO CUFC, em Aveiro, \u00e0s 21h, no dia 2 de novembro.<\/p>\n","protected":false},"author":1,"featured_media":0,"comment_status":"closed","ping_status":"open","sticky":false,"template":"","format":"standard","meta":{"footnotes":""},"categories":[20],"tags":[],"class_list":["post-2006","post","type-post","status-publish","format-standard","hentry","category-informacao"],"_links":{"self":[{"href":"https:\/\/www.adavaveiro.org\/index.php?rest_route=\/wp\/v2\/posts\/2006","targetHints":{"allow":["GET"]}}],"collection":[{"href":"https:\/\/www.adavaveiro.org\/index.php?rest_route=\/wp\/v2\/posts"}],"about":[{"href":"https:\/\/www.adavaveiro.org\/index.php?rest_route=\/wp\/v2\/types\/post"}],"author":[{"embeddable":true,"href":"https:\/\/www.adavaveiro.org\/index.php?rest_route=\/wp\/v2\/users\/1"}],"replies":[{"embeddable":true,"href":"https:\/\/www.adavaveiro.org\/index.php?rest_route=%2Fwp%2Fv2%2Fcomments&post=2006"}],"version-history":[{"count":7,"href":"https:\/\/www.adavaveiro.org\/index.php?rest_route=\/wp\/v2\/posts\/2006\/revisions"}],"predecessor-version":[{"id":2013,"href":"https:\/\/www.adavaveiro.org\/index.php?rest_route=\/wp\/v2\/posts\/2006\/revisions\/2013"}],"wp:attachment":[{"href":"https:\/\/www.adavaveiro.org\/index.php?rest_route=%2Fwp%2Fv2%2Fmedia&parent=2006"}],"wp:term":[{"taxonomy":"category","embeddable":true,"href":"https:\/\/www.adavaveiro.org\/index.php?rest_route=%2Fwp%2Fv2%2Fcategories&post=2006"},{"taxonomy":"post_tag","embeddable":true,"href":"https:\/\/www.adavaveiro.org\/index.php?rest_route=%2Fwp%2Fv2%2Ftags&post=2006"}],"curies":[{"name":"wp","href":"https:\/\/api.w.org\/{rel}","templated":true}]}}