{"id":2090,"date":"2011-11-21T21:38:00","date_gmt":"2011-11-21T21:38:00","guid":{"rendered":"http:\/\/www.adavaveiro.org\/?p=2090"},"modified":"2011-11-21T21:41:27","modified_gmt":"2011-11-21T21:41:27","slug":"maternidade-e-paternidade-responsaveis","status":"publish","type":"post","link":"https:\/\/www.adavaveiro.org\/?p=2090","title":{"rendered":"MATERNIDADE E PATERNIDADE RESPONS\u00c1VEIS"},"content":{"rendered":"<p><a rel=\"attachment wp-att-1006\" href=\"http:\/\/www.adavaveiro.org\/?attachment_id=1006\"><img loading=\"lazy\" decoding=\"async\" class=\"aligncenter size-thumbnail wp-image-1006\" title=\"pezinho\" src=\"http:\/\/www.adavaveiro.org\/wp-content\/uploads\/2011\/01\/pezinho-260x238.jpg\" alt=\"\" width=\"170\" height=\"155\" srcset=\"https:\/\/www.adavaveiro.org\/wp-content\/uploads\/2011\/01\/pezinho-260x238.jpg 260w, https:\/\/www.adavaveiro.org\/wp-content\/uploads\/2011\/01\/pezinho.jpg 300w\" sizes=\"auto, (max-width: 170px) 100vw, 170px\" \/><\/a>MATERNIDADE E PATERNIDADE RESPONS\u00c1VEIS<\/p>\n<p>Isilda Pegado<\/p>\n<p>Voz da Verdade,  13.11.2011<\/p>\n<p>1 \u2013 \u00c9 pr\u00f3prio da condi\u00e7\u00e3o humana procurar cada vez mais  e melhores condi\u00e7\u00f5es de vida, mais felicidade e prosperidade. H\u00e1 como que um  desejo de apagar ou varrer o que de dif\u00edcil e mal passou na minha vida para que  aqueles que me sucedem (filhos) n\u00e3o tenham de passar pelas mesmas  dificuldades.<\/p>\n<p>2 \u2013 No fundo, o progresso resulta deste desejo de Bem  que brota do cora\u00e7\u00e3o do homem. A rela\u00e7\u00e3o do homem com a sua descend\u00eancia \u00e9 por  isso marcada pelo amor, a entrega, a abnega\u00e7\u00e3o (poderia continuar a dar  adjectivos). Toda esta viv\u00eancia individual tem express\u00e3o no  colectivo.<\/p>\n<p>3 \u2013 Nunca como hoje a maternidade e a paternidade  tiveram tanto tratamento legislativo, cient\u00edfico, m\u00e9dico, sociol\u00f3gico e  liter\u00e1rio. Cada vez que \u00e9 definida uma nova forma de protec\u00e7\u00e3o de maternidade e  da inf\u00e2ncia o mundo parece avan\u00e7ar no sentido do progresso e da melhoria das  condi\u00e7\u00f5es de vida.<\/p>\n<p>4 \u2013 \u00c9 politicamente correcto dizer que os filhos devem  \u201cser desejados\u201d. Por isso s\u00f3 tem filhos quem os quer. O planeamento, a  contracep\u00e7\u00e3o, o aborto s\u00e3o instrumentos vendidos (qual propaganda) \u00e0 sociedade  do bem-estar, que se instalou na mentalidade  dominante.<\/p>\n<p>Aqueles que est\u00e3o em idade de reprodu\u00e7\u00e3o j\u00e1 fizeram  escolaridade obrigat\u00f3ria em geral, at\u00e9 pelo menos ao 9\u00ba ano e por isso  presume-se que t\u00eam um m\u00ednimo de saber que lhes permite relacionar-se bem como a  decis\u00e3o de ter filhos, de os educar e  sustentar.<\/p>\n<p>5 \u2013 Temos por isso todas as condi\u00e7\u00f5es para que, em tese,  a maternidade e a paternidade sejam naturalmente respons\u00e1veis e capazes de em  cada momento cada homem e cada mulher, saber educar os filhos que gerou e  educa.<\/p>\n<p>\u00c9 ali\u00e1s esta a forma mais correcta de organizar uma  sociedade, um povo. Os filhos s\u00e3o criados e educados pelos pais, no ambiente de  fam\u00edlia que todos formam.<\/p>\n<p>7 \u2013 Acontece que, diferentes Governos tiveram de criar  uma rede nacional de Comiss\u00f5es de protec\u00e7\u00e3o de crian\u00e7as e jovens em risco, os  tribunais est\u00e3o cheios de \u201cprocessos de promo\u00e7\u00e3o e protec\u00e7\u00e3o\u201d, h\u00e1 milhares de  crian\u00e7as em institui\u00e7\u00f5es, a comunica\u00e7\u00e3o social relata com muita frequ\u00eancia  \u201ccasos\u201d de maus tratos e neglig\u00eancias a crian\u00e7as.  Porqu\u00ea?<\/p>\n<p>8 \u2013 Um jornal di\u00e1rio de 17 de Outubro de 2011 noticiava  que no ano de 2010 foram institucionalizadas 9136 crian\u00e7as e no ano de 2009,  12579 crian\u00e7as. Por ano nascem, em n\u00fameros redondos, 100.000 crian\u00e7as. Contas  feitas temos que, cerca de 10% das nossas crian\u00e7as s\u00e3o privadas da sua fam\u00edlia  natural nos primeiros tempos de vida. Porqu\u00ea? 10% da popula\u00e7\u00e3o infantil at\u00e9 aos  3 anos, est\u00e1 institucionalizada?<\/p>\n<p>9 \u2013 No \u201cAdmir\u00e1vel Mundo Novo\u201d Aldous Huxley mostra-nos  um mundo em que todas as crian\u00e7as est\u00e3o entregues \u00e0 governa\u00e7\u00e3o da sociedade  porque dessa forma \u00e9 mais barato controlar a sociedade. A fic\u00e7\u00e3o de Huxley \u00e9  bizarra e arrepiante, mas \u00e9 s\u00f3 fic\u00e7\u00e3o\u2026<\/p>\n<p>10 \u2013 Em Portugal parece que nenhum Poder decretou que as  crian\u00e7as devem ser institucionalizadas. Mas o certo \u00e9 que as circunst\u00e2ncias, ou  a falta delas, uma lei profundamente ideol\u00f3gica, e operadores para-judiciais e  judiciais conduzem por ano 10% das nossas crian\u00e7as \u00e0 institucionaliza\u00e7\u00e3o.<\/p>\n<p>Certo \u00e9 tamb\u00e9m o custo humano da institucionaliza\u00e7\u00e3o que  provoca nestas crian\u00e7as car\u00eancias, atrasos no desenvolvimento e incapacidades  que num futuro se manifestar\u00e3o. N\u00e3o podemos deixar de referir o custo econ\u00f3mico  da institucionaliza\u00e7\u00e3o que numa IPSS ronda, por crian\u00e7a, os 2.700,00\u20ac (dois mil  e setecentos euros) por m\u00eas e numa institui\u00e7\u00e3o do Estado cifra-se nos 12.000,00\u20ac  (doze mil euros) por m\u00eas. Nas nossas casas uma crian\u00e7a de 2 anos despender\u00e1 de  300,00\u20ac a 400,00\u20ac por m\u00eas\u2026 Mas isto s\u00e3o  n\u00fameros.<\/p>\n<p>Mais s\u00e9ria \u00e9 a dimens\u00e3o humana de todo este silenciado e  ideol\u00f3gico processo que afasta a maternidade e a paternidade do filho a que se  dirige.<\/p>\n<p>Por\u00e9m h\u00e1 um grito de m\u00e3es e pais que, v\u00edtimas de  circunst\u00e2ncias a que s\u00e3o alheios, se faz ouvir nos Tribunais de todo o Pa\u00eds,  porque num determinado dia foi lida a senten\u00e7a e ficaram \u201cinibidos do poder  paternal\u201d para sempre. Nunca mais lhes \u00e9 permitido ver, beijar ou tocar no filho  que \u00e9 seu. O que falhou?<\/p>\n<p>O \u201cAdmir\u00e1vel Mundo Novo\u201d faz-se agora com os mais  carenciados e os que est\u00e3o mais s\u00f3s na sociedade. \u00c9  amanh\u00e3?<\/p>\n<p>Isilda Pegado<\/p>\n<p>Presidente Federa\u00e7\u00e3o Portuguesa pela  Vida<\/p>\n","protected":false},"excerpt":{"rendered":"<p>MATERNIDADE E PATERNIDADE RESPONS\u00c1VEIS Isilda Pegado Voz da Verdade, 13.11.2011 1 \u2013 \u00c9 pr\u00f3prio da condi\u00e7\u00e3o humana procurar cada vez mais e melhores condi\u00e7\u00f5es de vida, mais felicidade e prosperidade. H\u00e1 como que um desejo de apagar ou varrer o &hellip; <a href=\"https:\/\/www.adavaveiro.org\/?p=2090\">Continuar a ler <span class=\"meta-nav\">&rarr;<\/span><\/a><\/p>\n","protected":false},"author":1,"featured_media":0,"comment_status":"closed","ping_status":"open","sticky":false,"template":"","format":"standard","meta":{"footnotes":""},"categories":[9],"tags":[],"class_list":["post-2090","post","type-post","status-publish","format-standard","hentry","category-refletir"],"_links":{"self":[{"href":"https:\/\/www.adavaveiro.org\/index.php?rest_route=\/wp\/v2\/posts\/2090","targetHints":{"allow":["GET"]}}],"collection":[{"href":"https:\/\/www.adavaveiro.org\/index.php?rest_route=\/wp\/v2\/posts"}],"about":[{"href":"https:\/\/www.adavaveiro.org\/index.php?rest_route=\/wp\/v2\/types\/post"}],"author":[{"embeddable":true,"href":"https:\/\/www.adavaveiro.org\/index.php?rest_route=\/wp\/v2\/users\/1"}],"replies":[{"embeddable":true,"href":"https:\/\/www.adavaveiro.org\/index.php?rest_route=%2Fwp%2Fv2%2Fcomments&post=2090"}],"version-history":[{"count":8,"href":"https:\/\/www.adavaveiro.org\/index.php?rest_route=\/wp\/v2\/posts\/2090\/revisions"}],"predecessor-version":[{"id":2098,"href":"https:\/\/www.adavaveiro.org\/index.php?rest_route=\/wp\/v2\/posts\/2090\/revisions\/2098"}],"wp:attachment":[{"href":"https:\/\/www.adavaveiro.org\/index.php?rest_route=%2Fwp%2Fv2%2Fmedia&parent=2090"}],"wp:term":[{"taxonomy":"category","embeddable":true,"href":"https:\/\/www.adavaveiro.org\/index.php?rest_route=%2Fwp%2Fv2%2Fcategories&post=2090"},{"taxonomy":"post_tag","embeddable":true,"href":"https:\/\/www.adavaveiro.org\/index.php?rest_route=%2Fwp%2Fv2%2Ftags&post=2090"}],"curies":[{"name":"wp","href":"https:\/\/api.w.org\/{rel}","templated":true}]}}