{"id":2112,"date":"2011-12-06T14:53:38","date_gmt":"2011-12-06T14:53:38","guid":{"rendered":"http:\/\/www.adavaveiro.org\/?p=2112"},"modified":"2011-12-06T14:54:49","modified_gmt":"2011-12-06T14:54:49","slug":"presentes-solidarios","status":"publish","type":"post","link":"https:\/\/www.adavaveiro.org\/?p=2112","title":{"rendered":"presentes solid\u00e1rios"},"content":{"rendered":"<p style=\"text-align: center;\">N\u00e3o sabe o que dar? N\u00e3o sabe a quem dar?<br \/>\nPasse na sede da ADAV AVEIRO e deixe uma prenda para uma crian\u00e7a.<br \/>\nTodas as manh\u00e3s&#8230; das 10h \u00e0s 12h30.<\/p>\n<h1 style=\"text-align: center;\"><a rel=\"attachment wp-att-2108\" href=\"http:\/\/www.adavaveiro.org\/?attachment_id=2108\"><img loading=\"lazy\" decoding=\"async\" class=\"aligncenter size-thumbnail wp-image-2108\" title=\"natal-menino-3\" src=\"http:\/\/www.adavaveiro.org\/wp-content\/uploads\/2011\/12\/natal-menino-3-169x260.jpg\" alt=\"\" width=\"169\" height=\"260\" srcset=\"https:\/\/www.adavaveiro.org\/wp-content\/uploads\/2011\/12\/natal-menino-3-169x260.jpg 169w, https:\/\/www.adavaveiro.org\/wp-content\/uploads\/2011\/12\/natal-menino-3-196x300.jpg 196w, https:\/\/www.adavaveiro.org\/wp-content\/uploads\/2011\/12\/natal-menino-3.jpg 245w\" sizes=\"auto, (max-width: 169px) 100vw, 169px\" \/><\/a><strong>N\u00f3s entregamos.<\/strong><\/h1>\n","protected":false},"excerpt":{"rendered":"<p>N\u00e3o sabe o que dar? N\u00e3o sabe a quem dar? Passe na sede da ADAV AVEIRO e deixe uma prenda para uma crian\u00e7a. Todas as manh\u00e3s&#8230; das 10h \u00e0s 12h30. N\u00f3s entregamos.<\/p>\n","protected":false},"author":1,"featured_media":0,"comment_status":"closed","ping_status":"open","sticky":false,"template":"","format":"standard","meta":{"footnotes":""},"categories":[13,8],"tags":[],"class_list":["post-2112","post","type-post","status-publish","format-standard","hentry","category-colaborar","category-comemoracao"],"_links":{"self":[{"href":"https:\/\/www.adavaveiro.org\/index.php?rest_route=\/wp\/v2\/posts\/2112","targetHints":{"allow":["GET"]}}],"collection":[{"href":"https:\/\/www.adavaveiro.org\/index.php?rest_route=\/wp\/v2\/posts"}],"about":[{"href":"https:\/\/www.adavaveiro.org\/index.php?rest_route=\/wp\/v2\/types\/post"}],"author":[{"embeddable":true,"href":"https:\/\/www.adavaveiro.org\/index.php?rest_route=\/wp\/v2\/users\/1"}],"replies":[{"embeddable":true,"href":"https:\/\/www.adavaveiro.org\/index.php?rest_route=%2Fwp%2Fv2%2Fcomments&post=2112"}],"version-history":[{"count":8,"href":"https:\/\/www.adavaveiro.org\/index.php?rest_route=\/wp\/v2\/posts\/2112\/revisions"}],"predecessor-version":[{"id":2120,"href":"https:\/\/www.adavaveiro.org\/index.php?rest_route=\/wp\/v2\/posts\/2112\/revisions\/2120"}],"wp:attachment":[{"href":"https:\/\/www.adavaveiro.org\/index.php?rest_route=%2Fwp%2Fv2%2Fmedia&parent=2112"}],"wp:term":[{"taxonomy":"category","embeddable":true,"href":"https:\/\/www.adavaveiro.org\/index.php?rest_route=%2Fwp%2Fv2%2Fcategories&post=2112"},{"taxonomy":"post_tag","embeddable":true,"href":"https:\/\/www.adavaveiro.org\/index.php?rest_route=%2Fwp%2Fv2%2Ftags&post=2112"}],"curies":[{"name":"wp","href":"https:\/\/api.w.org\/{rel}","templated":true}]}}