{"id":2136,"date":"2011-12-18T15:29:33","date_gmt":"2011-12-18T15:29:33","guid":{"rendered":"http:\/\/www.adavaveiro.org\/?p=2136"},"modified":"2014-09-06T07:23:12","modified_gmt":"2014-09-06T07:23:12","slug":"monumento-ao-menino-nao-nascido","status":"publish","type":"post","link":"https:\/\/www.adavaveiro.org\/?p=2136","title":{"rendered":"Monumento ao menino n\u00e3o nascido"},"content":{"rendered":"<p><a href=\"http:\/\/www.adavaveiro.org\/?attachment_id=2137\" rel=\"attachment wp-att-2137\"><img loading=\"lazy\" decoding=\"async\" class=\"aligncenter size-thumbnail wp-image-2137\" title=\"menino nao nascido\" src=\"http:\/\/www.adavaveiro.org\/wp-content\/uploads\/2011\/12\/menino-nao-nascido-260x173.jpg\" alt=\"\" width=\"260\" height=\"173\" \/><\/a><br \/>\nA 28 de outubro de 2011, na Eslov\u00e1quia, foi inaugurado o monumento ao menino n\u00e3o nascido, obra de um jovem escultor daquele pa\u00eds.<br \/>\nO monumento expressa n\u00e3o s\u00f3 o pesar e arrependimento das m\u00e3es que abortaram, mas tamb\u00e9m o perd\u00e3o e o amor do menino por nascer para com a sua m\u00e3e. A cerim\u00f3nia de inaugura\u00e7\u00e3o contou com a presen\u00e7a do ministro da Sa\u00fade do Pa\u00eds.<br \/>\nA ideia de construir um monumento aos beb\u00e9s por nascer veio de grupo de mulheres jovens m\u00e3es muito conscientes do valor de toda a vida humana e do mal que se inflige tamb\u00e9m \u00e0 sa\u00fade da mulher.<\/p>\n","protected":false},"excerpt":{"rendered":"<p>A 28 de outubro de 2011, na Eslov\u00e1quia, foi inaugurado o monumento ao menino n\u00e3o nascido, obra de um jovem escultor daquele pa\u00eds. O monumento expressa n\u00e3o s\u00f3 o pesar e arrependimento das m\u00e3es que abortaram, mas tamb\u00e9m o perd\u00e3o &hellip; <a href=\"https:\/\/www.adavaveiro.org\/?p=2136\">Continuar a ler <span class=\"meta-nav\">&rarr;<\/span><\/a><\/p>\n","protected":false},"author":1,"featured_media":0,"comment_status":"closed","ping_status":"closed","sticky":false,"template":"","format":"standard","meta":{"footnotes":""},"categories":[20],"tags":[],"class_list":["post-2136","post","type-post","status-publish","format-standard","hentry","category-informacao"],"_links":{"self":[{"href":"https:\/\/www.adavaveiro.org\/index.php?rest_route=\/wp\/v2\/posts\/2136","targetHints":{"allow":["GET"]}}],"collection":[{"href":"https:\/\/www.adavaveiro.org\/index.php?rest_route=\/wp\/v2\/posts"}],"about":[{"href":"https:\/\/www.adavaveiro.org\/index.php?rest_route=\/wp\/v2\/types\/post"}],"author":[{"embeddable":true,"href":"https:\/\/www.adavaveiro.org\/index.php?rest_route=\/wp\/v2\/users\/1"}],"replies":[{"embeddable":true,"href":"https:\/\/www.adavaveiro.org\/index.php?rest_route=%2Fwp%2Fv2%2Fcomments&post=2136"}],"version-history":[{"count":7,"href":"https:\/\/www.adavaveiro.org\/index.php?rest_route=\/wp\/v2\/posts\/2136\/revisions"}],"predecessor-version":[{"id":3215,"href":"https:\/\/www.adavaveiro.org\/index.php?rest_route=\/wp\/v2\/posts\/2136\/revisions\/3215"}],"wp:attachment":[{"href":"https:\/\/www.adavaveiro.org\/index.php?rest_route=%2Fwp%2Fv2%2Fmedia&parent=2136"}],"wp:term":[{"taxonomy":"category","embeddable":true,"href":"https:\/\/www.adavaveiro.org\/index.php?rest_route=%2Fwp%2Fv2%2Fcategories&post=2136"},{"taxonomy":"post_tag","embeddable":true,"href":"https:\/\/www.adavaveiro.org\/index.php?rest_route=%2Fwp%2Fv2%2Ftags&post=2136"}],"curies":[{"name":"wp","href":"https:\/\/api.w.org\/{rel}","templated":true}]}}