{"id":2235,"date":"2012-02-12T14:59:48","date_gmt":"2012-02-12T14:59:48","guid":{"rendered":"http:\/\/www.adavaveiro.org\/?p=2235"},"modified":"2012-02-12T15:41:22","modified_gmt":"2012-02-12T15:41:22","slug":"principais-conclusoes-do-estudo-sobre-o-aborto-em-portugal-desde-2007","status":"publish","type":"post","link":"https:\/\/www.adavaveiro.org\/?p=2235","title":{"rendered":"Principais conclus\u00f5es do estudo sobre o aborto em Portugal desde 2007"},"content":{"rendered":"<p style=\"text-align: center;\"><strong>5 anos depois da liberaliza\u00e7\u00e3o do aborto em Portugal<\/strong><\/p>\n<p>1. Desde <strong>2007<\/strong> realizaram-se em Portugal mais de 80 mil abortos legais \u201cpor op\u00e7\u00e3o da mulher\u201d;<\/p>\n<p>2. A reincid\u00eancia do aborto tem vindo a aumentar consideravelmente.  Em 2010, houve 4600 repeti\u00e7\u00f5es de aborto, das quais mil representaram  duas ou mais repeti\u00e7\u00f5es;<\/p>\n<p>3. As complica\u00e7\u00f5es do aborto legal para a mulher t\u00eam vindo a aumentar  todos os anos, registando-se mesmo uma morte em 2010 (facto que n\u00e3o  acontecia desde 1994);<\/p>\n<p><a rel=\"attachment wp-att-1275\" href=\"http:\/\/www.adavaveiro.org\/?attachment_id=1275\"><span id=\"_marker\"> <\/span><img loading=\"lazy\" decoding=\"async\" class=\"aligncenter size-thumbnail wp-image-1275\" title=\"defender a vida\" src=\"http:\/\/www.adavaveiro.org\/wp-content\/uploads\/2011\/02\/defender-a-vida1-260x257.jpg\" alt=\"\" width=\"260\" height=\"257\" srcset=\"https:\/\/www.adavaveiro.org\/wp-content\/uploads\/2011\/02\/defender-a-vida1-260x257.jpg 260w, https:\/\/www.adavaveiro.org\/wp-content\/uploads\/2011\/02\/defender-a-vida1-300x297.jpg 300w, https:\/\/www.adavaveiro.org\/wp-content\/uploads\/2011\/02\/defender-a-vida1.jpg 400w\" sizes=\"auto, (max-width: 260px) 100vw, 260px\" \/><\/a><\/p>\n<p>4. A intensidade do aborto \u00e9 maior nas mulheres mais instru\u00eddas, com idades compreendidas entre os 20 e os 35 anos;<\/p>\n<p>5. Desde o primeiro ano da implementa\u00e7\u00e3o da lei houve um aumento de 30% no n\u00famero de abortos por ano (15 mil no primeiro ano e 19 mil nos \u00faltimos anos);<\/p>\n<p>6. Desde os anos 80, Portugal acumula um d\u00e9fice de 1.200.000 nascimentos, necess\u00e1rios para assegurar a renova\u00e7\u00e3o das gera\u00e7\u00f5es e a sustentabilidade do Pa\u00eds. Desde 2010 que esse gap n\u00e3o \u00e9 compensado pela emigra\u00e7\u00e3o.<\/p>\n<p>7. Os dados do aborto fornecidos pela Direc\u00e7\u00e3o Geral de Sa\u00fade t\u00eam vindo a perder transpar\u00eancia e rigor: n\u00e3o h\u00e1 relat\u00f3rios semestrais desde 2009 e a informa\u00e7\u00e3o contida nos relat\u00f3rios \u00e9 menor desde 2007.<\/p>\n<p>Estudo feito sob a coordena\u00e7\u00e3o de Francisco Vilhena da Cunha,<\/p>\n<p><a href=\"http:\/\/pt.scribd.com\/doc\/81232418\/Aborto2007-2012\" target=\"_blank\">http:\/\/pt.scribd.com\/doc\/81232418\/Aborto2007-2012<\/a><\/p>\n","protected":false},"excerpt":{"rendered":"<p>5 anos depois da liberaliza\u00e7\u00e3o do aborto em Portugal 1. Desde 2007 realizaram-se em Portugal mais de 80 mil abortos legais \u201cpor op\u00e7\u00e3o da mulher\u201d; 2. A reincid\u00eancia do aborto tem vindo a aumentar consideravelmente. Em 2010, houve 4600 repeti\u00e7\u00f5es &hellip; <a href=\"https:\/\/www.adavaveiro.org\/?p=2235\">Continuar a ler <span class=\"meta-nav\">&rarr;<\/span><\/a><\/p>\n","protected":false},"author":1,"featured_media":0,"comment_status":"closed","ping_status":"open","sticky":false,"template":"","format":"standard","meta":{"footnotes":""},"categories":[20,9],"tags":[],"class_list":["post-2235","post","type-post","status-publish","format-standard","hentry","category-informacao","category-refletir"],"_links":{"self":[{"href":"https:\/\/www.adavaveiro.org\/index.php?rest_route=\/wp\/v2\/posts\/2235","targetHints":{"allow":["GET"]}}],"collection":[{"href":"https:\/\/www.adavaveiro.org\/index.php?rest_route=\/wp\/v2\/posts"}],"about":[{"href":"https:\/\/www.adavaveiro.org\/index.php?rest_route=\/wp\/v2\/types\/post"}],"author":[{"embeddable":true,"href":"https:\/\/www.adavaveiro.org\/index.php?rest_route=\/wp\/v2\/users\/1"}],"replies":[{"embeddable":true,"href":"https:\/\/www.adavaveiro.org\/index.php?rest_route=%2Fwp%2Fv2%2Fcomments&post=2235"}],"version-history":[{"count":14,"href":"https:\/\/www.adavaveiro.org\/index.php?rest_route=\/wp\/v2\/posts\/2235\/revisions"}],"predecessor-version":[{"id":2257,"href":"https:\/\/www.adavaveiro.org\/index.php?rest_route=\/wp\/v2\/posts\/2235\/revisions\/2257"}],"wp:attachment":[{"href":"https:\/\/www.adavaveiro.org\/index.php?rest_route=%2Fwp%2Fv2%2Fmedia&parent=2235"}],"wp:term":[{"taxonomy":"category","embeddable":true,"href":"https:\/\/www.adavaveiro.org\/index.php?rest_route=%2Fwp%2Fv2%2Fcategories&post=2235"},{"taxonomy":"post_tag","embeddable":true,"href":"https:\/\/www.adavaveiro.org\/index.php?rest_route=%2Fwp%2Fv2%2Ftags&post=2235"}],"curies":[{"name":"wp","href":"https:\/\/api.w.org\/{rel}","templated":true}]}}