{"id":2258,"date":"2012-03-02T08:08:50","date_gmt":"2012-03-02T08:08:50","guid":{"rendered":"http:\/\/www.adavaveiro.org\/?p=2258"},"modified":"2012-03-02T08:15:47","modified_gmt":"2012-03-02T08:15:47","slug":"a-familia-ainda-tem-futuro","status":"publish","type":"post","link":"https:\/\/www.adavaveiro.org\/?p=2258","title":{"rendered":"A fam\u00edlia ainda tem futuro?"},"content":{"rendered":"<p style=\"text-align: center;\"><strong><a rel=\"attachment wp-att-2263\" href=\"http:\/\/www.adavaveiro.org\/?attachment_id=2263\"><img loading=\"lazy\" decoding=\"async\" class=\"aligncenter size-full wp-image-2263\" title=\"2simposio\" src=\"http:\/\/www.adavaveiro.org\/wp-content\/uploads\/2012\/03\/2simposio.bmp\" alt=\"\" width=\"327\" height=\"883\" \/><\/a>II SIMP\u00d3SIO F\u00c9 E CULTURA<\/strong><\/p>\n<p><strong>3 de Mar\u00e7o de 2012<\/strong><\/p>\n<p><strong>Inscri\u00e7\u00f5es <\/strong><\/p>\n<p>INSTITUTO SUPERIOR DE CI\u00caNCIAS RELIGIOSAS DE AVEIRO<br \/>\nCentro de Forma\u00e7\u00e3o Cont\u00ednua de Professores \u2013 Reg. Acred. n.\u00ba CCPFC\/ENT-ES-0456\/09<br \/>\nEdif\u00edcio do Semin\u00e1rio de Sta. Joana Princesa, R. Jo\u00e3o Jacinto de Magalh\u00e3es<br \/>\nApart. 323 \u2013 EC Aveiro, 3811-905 Aveiro<br \/>\nTel. 234 379 880 \u2013 Telem. 924378131 &#8211; Fax 234 379 887 &#8211; E-mail: iscra@netvisao.pt &#8211; http\/\/: www.iscra.pt<\/p>\n","protected":false},"excerpt":{"rendered":"<p>II SIMP\u00d3SIO F\u00c9 E CULTURA 3 de Mar\u00e7o de 2012 Inscri\u00e7\u00f5es INSTITUTO SUPERIOR DE CI\u00caNCIAS RELIGIOSAS DE AVEIRO Centro de Forma\u00e7\u00e3o Cont\u00ednua de Professores \u2013 Reg. Acred. n.\u00ba CCPFC\/ENT-ES-0456\/09 Edif\u00edcio do Semin\u00e1rio de Sta. Joana Princesa, R. Jo\u00e3o Jacinto de &hellip; <a href=\"https:\/\/www.adavaveiro.org\/?p=2258\">Continuar a ler <span class=\"meta-nav\">&rarr;<\/span><\/a><\/p>\n","protected":false},"author":1,"featured_media":0,"comment_status":"closed","ping_status":"open","sticky":false,"template":"","format":"standard","meta":{"footnotes":""},"categories":[24],"tags":[],"class_list":["post-2258","post","type-post","status-publish","format-standard","hentry","category-formacao"],"_links":{"self":[{"href":"https:\/\/www.adavaveiro.org\/index.php?rest_route=\/wp\/v2\/posts\/2258","targetHints":{"allow":["GET"]}}],"collection":[{"href":"https:\/\/www.adavaveiro.org\/index.php?rest_route=\/wp\/v2\/posts"}],"about":[{"href":"https:\/\/www.adavaveiro.org\/index.php?rest_route=\/wp\/v2\/types\/post"}],"author":[{"embeddable":true,"href":"https:\/\/www.adavaveiro.org\/index.php?rest_route=\/wp\/v2\/users\/1"}],"replies":[{"embeddable":true,"href":"https:\/\/www.adavaveiro.org\/index.php?rest_route=%2Fwp%2Fv2%2Fcomments&post=2258"}],"version-history":[{"count":8,"href":"https:\/\/www.adavaveiro.org\/index.php?rest_route=\/wp\/v2\/posts\/2258\/revisions"}],"predecessor-version":[{"id":2260,"href":"https:\/\/www.adavaveiro.org\/index.php?rest_route=\/wp\/v2\/posts\/2258\/revisions\/2260"}],"wp:attachment":[{"href":"https:\/\/www.adavaveiro.org\/index.php?rest_route=%2Fwp%2Fv2%2Fmedia&parent=2258"}],"wp:term":[{"taxonomy":"category","embeddable":true,"href":"https:\/\/www.adavaveiro.org\/index.php?rest_route=%2Fwp%2Fv2%2Fcategories&post=2258"},{"taxonomy":"post_tag","embeddable":true,"href":"https:\/\/www.adavaveiro.org\/index.php?rest_route=%2Fwp%2Fv2%2Ftags&post=2258"}],"curies":[{"name":"wp","href":"https:\/\/api.w.org\/{rel}","templated":true}]}}