{"id":2276,"date":"2012-03-27T19:49:17","date_gmt":"2012-03-27T19:49:17","guid":{"rendered":"http:\/\/www.adavaveiro.org\/?p=2276"},"modified":"2012-03-27T19:58:11","modified_gmt":"2012-03-27T19:58:11","slug":"campanha-carrinhos","status":"publish","type":"post","link":"https:\/\/www.adavaveiro.org\/?p=2276","title":{"rendered":"Carrinhos"},"content":{"rendered":"<h1 style=\"text-align: center;\"><span style=\"color: #993300;\"><strong><span style=\"color: #333333;\">C O L A B O R E!<\/span><br \/>\n<\/strong><\/span><\/h1>\n<h2 style=\"text-align: center;\"><a rel=\"attachment wp-att-2277\" href=\"http:\/\/www.adavaveiro.org\/?attachment_id=2277\"><img loading=\"lazy\" decoding=\"async\" class=\"aligncenter size-thumbnail wp-image-2277\" title=\"PI04539-carrinho-bebe_0\" src=\"http:\/\/www.adavaveiro.org\/wp-content\/uploads\/2012\/03\/PI04539-carrinho-bebe_0-260x220.jpg\" alt=\"\" width=\"260\" height=\"220\" srcset=\"https:\/\/www.adavaveiro.org\/wp-content\/uploads\/2012\/03\/PI04539-carrinho-bebe_0-260x220.jpg 260w, https:\/\/www.adavaveiro.org\/wp-content\/uploads\/2012\/03\/PI04539-carrinho-bebe_0-300x254.jpg 300w, https:\/\/www.adavaveiro.org\/wp-content\/uploads\/2012\/03\/PI04539-carrinho-bebe_0.jpg 472w\" sizes=\"auto, (max-width: 260px) 100vw, 260px\" \/><\/a><span style=\"color: #993300;\"><strong><span style=\"color: #333333;\"> <\/span><\/strong><\/span><span style=\"color: #333333;\"><strong> <\/strong><\/span><\/h2>\n<h2 style=\"text-align: center;\"><span style=\"color: #333333;\"><strong>Os seus filhos cresceram e n\u00e3o sabe onde guardar os carrinhos em que os levou a passear?!<\/strong><\/span><\/h2>\n<h3 style=\"text-align: center;\"><span style=\"color: #333333;\"><strong>N\u00f3s conhecemos quem precisa de sair e n\u00e3o tem carrinho!<br \/>\n<\/strong><\/span><\/h3>\n<h2 style=\"text-align: center;\"><span style=\"color: #333333;\"><strong>Os beb\u00e9s que apoiamos est\u00e3o a crescer e precisam de carrinhos.<\/strong><\/span><\/h2>\n<h3><strong><span style=\"color: #ff9900;\"> <\/span><\/strong><\/h3>\n<p style=\"text-align: center;\">adavaveiro@hotmail.com<\/p>\n<p style=\"text-align: center;\">Mercado de Santiago Sala AH, Apartado 420<br \/>\n3811 \u2013 001 AVEIRO<\/p>\n<p style=\"text-align: center;\"><a href=\"http:\/\/www.adavaveiro.org\/?page_id=894\" target=\"_self\">HOR\u00c1RIO<\/a><\/p>\n","protected":false},"excerpt":{"rendered":"<p>C O L A B O R E! Os seus filhos cresceram e n\u00e3o sabe onde guardar os carrinhos em que os levou a passear?! N\u00f3s conhecemos quem precisa de sair e n\u00e3o tem carrinho! Os beb\u00e9s que apoiamos est\u00e3o &hellip; <a href=\"https:\/\/www.adavaveiro.org\/?p=2276\">Continuar a ler <span class=\"meta-nav\">&rarr;<\/span><\/a><\/p>\n","protected":false},"author":1,"featured_media":0,"comment_status":"closed","ping_status":"open","sticky":false,"template":"","format":"standard","meta":{"footnotes":""},"categories":[13],"tags":[],"class_list":["post-2276","post","type-post","status-publish","format-standard","hentry","category-colaborar"],"_links":{"self":[{"href":"https:\/\/www.adavaveiro.org\/index.php?rest_route=\/wp\/v2\/posts\/2276","targetHints":{"allow":["GET"]}}],"collection":[{"href":"https:\/\/www.adavaveiro.org\/index.php?rest_route=\/wp\/v2\/posts"}],"about":[{"href":"https:\/\/www.adavaveiro.org\/index.php?rest_route=\/wp\/v2\/types\/post"}],"author":[{"embeddable":true,"href":"https:\/\/www.adavaveiro.org\/index.php?rest_route=\/wp\/v2\/users\/1"}],"replies":[{"embeddable":true,"href":"https:\/\/www.adavaveiro.org\/index.php?rest_route=%2Fwp%2Fv2%2Fcomments&post=2276"}],"version-history":[{"count":27,"href":"https:\/\/www.adavaveiro.org\/index.php?rest_route=\/wp\/v2\/posts\/2276\/revisions"}],"predecessor-version":[{"id":2280,"href":"https:\/\/www.adavaveiro.org\/index.php?rest_route=\/wp\/v2\/posts\/2276\/revisions\/2280"}],"wp:attachment":[{"href":"https:\/\/www.adavaveiro.org\/index.php?rest_route=%2Fwp%2Fv2%2Fmedia&parent=2276"}],"wp:term":[{"taxonomy":"category","embeddable":true,"href":"https:\/\/www.adavaveiro.org\/index.php?rest_route=%2Fwp%2Fv2%2Fcategories&post=2276"},{"taxonomy":"post_tag","embeddable":true,"href":"https:\/\/www.adavaveiro.org\/index.php?rest_route=%2Fwp%2Fv2%2Ftags&post=2276"}],"curies":[{"name":"wp","href":"https:\/\/api.w.org\/{rel}","templated":true}]}}