{"id":2307,"date":"2012-04-03T16:12:47","date_gmt":"2012-04-03T16:12:47","guid":{"rendered":"http:\/\/www.adavaveiro.org\/?p=2307"},"modified":"2012-05-30T21:24:23","modified_gmt":"2012-05-30T21:24:23","slug":"lencois-de-alcofa","status":"publish","type":"post","link":"https:\/\/www.adavaveiro.org\/?p=2307","title":{"rendered":"17 beb\u00e9s est\u00e3o prestes a nascer e precisam de len\u00e7\u00f3is de alcofa"},"content":{"rendered":"<p>Gosta de costurar, mas n\u00e3o sabe o qu\u00ea?<\/p>\n<p style=\"text-align: center;\"><a href=\"http:\/\/www.adavaveiro.org\/?attachment_id=2309\" rel=\"attachment wp-att-2309\"><img loading=\"lazy\" decoding=\"async\" class=\"aligncenter size-thumbnail wp-image-2309\" title=\"lencol de bebe\" src=\"http:\/\/www.adavaveiro.org\/wp-content\/uploads\/2012\/04\/lencol-de-bebe-260x195.jpg\" alt=\"\" width=\"260\" height=\"195\" srcset=\"https:\/\/www.adavaveiro.org\/wp-content\/uploads\/2012\/04\/lencol-de-bebe-260x195.jpg 260w, https:\/\/www.adavaveiro.org\/wp-content\/uploads\/2012\/04\/lencol-de-bebe-300x225.jpg 300w, https:\/\/www.adavaveiro.org\/wp-content\/uploads\/2012\/04\/lencol-de-bebe.jpg 400w\" sizes=\"auto, (max-width: 260px) 100vw, 260px\" \/><\/a><br \/>\nQue tal fazer uns len\u00e7oizinhos para as alcofas dos beb\u00e9s que v\u00e3o nascer e que a ADAV apoia?<\/p>\n<p style=\"text-align: center;\">Estamos a precisar!<\/p>\n<p style=\"text-align: center;\">Estamos abertos todos os dias de manh\u00e3, no s\u00edtio do costume!<\/p>\n<p style=\"text-align: center;\">Esperamos por si!<\/p>\n<p style=\"text-align: center;\">Muito obrigada!!!<\/p>\n","protected":false},"excerpt":{"rendered":"<p>Gosta de costurar, mas n\u00e3o sabe o qu\u00ea? Que tal fazer uns len\u00e7oizinhos para as alcofas dos beb\u00e9s que v\u00e3o nascer e que a ADAV apoia? Estamos a precisar! Estamos abertos todos os dias de manh\u00e3, no s\u00edtio do costume! &hellip; <a href=\"https:\/\/www.adavaveiro.org\/?p=2307\">Continuar a ler <span class=\"meta-nav\">&rarr;<\/span><\/a><\/p>\n","protected":false},"author":1,"featured_media":0,"comment_status":"closed","ping_status":"open","sticky":false,"template":"","format":"standard","meta":{"footnotes":""},"categories":[13],"tags":[],"class_list":["post-2307","post","type-post","status-publish","format-standard","hentry","category-colaborar"],"_links":{"self":[{"href":"https:\/\/www.adavaveiro.org\/index.php?rest_route=\/wp\/v2\/posts\/2307","targetHints":{"allow":["GET"]}}],"collection":[{"href":"https:\/\/www.adavaveiro.org\/index.php?rest_route=\/wp\/v2\/posts"}],"about":[{"href":"https:\/\/www.adavaveiro.org\/index.php?rest_route=\/wp\/v2\/types\/post"}],"author":[{"embeddable":true,"href":"https:\/\/www.adavaveiro.org\/index.php?rest_route=\/wp\/v2\/users\/1"}],"replies":[{"embeddable":true,"href":"https:\/\/www.adavaveiro.org\/index.php?rest_route=%2Fwp%2Fv2%2Fcomments&post=2307"}],"version-history":[{"count":15,"href":"https:\/\/www.adavaveiro.org\/index.php?rest_route=\/wp\/v2\/posts\/2307\/revisions"}],"predecessor-version":[{"id":2515,"href":"https:\/\/www.adavaveiro.org\/index.php?rest_route=\/wp\/v2\/posts\/2307\/revisions\/2515"}],"wp:attachment":[{"href":"https:\/\/www.adavaveiro.org\/index.php?rest_route=%2Fwp%2Fv2%2Fmedia&parent=2307"}],"wp:term":[{"taxonomy":"category","embeddable":true,"href":"https:\/\/www.adavaveiro.org\/index.php?rest_route=%2Fwp%2Fv2%2Fcategories&post=2307"},{"taxonomy":"post_tag","embeddable":true,"href":"https:\/\/www.adavaveiro.org\/index.php?rest_route=%2Fwp%2Fv2%2Ftags&post=2307"}],"curies":[{"name":"wp","href":"https:\/\/api.w.org\/{rel}","templated":true}]}}