{"id":2333,"date":"2012-04-09T10:18:45","date_gmt":"2012-04-09T10:18:45","guid":{"rendered":"http:\/\/www.adavaveiro.org\/?p=2333"},"modified":"2012-06-14T16:50:57","modified_gmt":"2012-06-14T16:50:57","slug":"irs-2011","status":"publish","type":"post","link":"https:\/\/www.adavaveiro.org\/?p=2333","title":{"rendered":"irs 2011 &#8211; contribuir sem gastar"},"content":{"rendered":"<p><a rel=\"attachment wp-att-1289\" href=\"http:\/\/www.adavaveiro.org\/?attachment_id=1289\"><img loading=\"lazy\" decoding=\"async\" class=\"size-thumbnail wp-image-1289 alignleft\" title=\"mealheiro2\" src=\"http:\/\/www.adavaveiro.org\/wp-content\/uploads\/2011\/02\/mealheiro2-260x260.jpg\" alt=\"\" width=\"120\" height=\"120\" srcset=\"https:\/\/www.adavaveiro.org\/wp-content\/uploads\/2011\/02\/mealheiro2-260x260.jpg 260w, https:\/\/www.adavaveiro.org\/wp-content\/uploads\/2011\/02\/mealheiro2-300x300.jpg 300w, https:\/\/www.adavaveiro.org\/wp-content\/uploads\/2011\/02\/mealheiro2.jpg 400w\" sizes=\"auto, (max-width: 120px) 100vw, 120px\" \/><\/a>De novo, pedimos a sua aten\u00e7\u00e3o:<\/p>\n<p>Na Declara\u00e7\u00e3o de IRS, <strong>anexo H\u00a0 Modelo 3,<\/strong> pode colocar a indica\u00e7\u00e3o de \u00abAssocia\u00e7\u00e3o de Defesa e Apoio da Vida, contribuinte n.\u00ba <strong>505 085 615<\/strong>\u00bb, no Quadro da \u00ab<strong>consigna\u00e7\u00e3o de 0,5% do Imposto Liquidado<\/strong>\u00bb, campo \u00ab<strong>Institui\u00e7\u00f5es Particulares de Solidariedade Social ou Pessoas Colectivas de Utilidade P\u00fablica, art.\u00ba 32\u00ba, n.\u00ba 6<\/strong>\u00bb.<\/p>\n<p>Essa consigna\u00e7\u00e3o fiscal n\u00e3o representa qualquer  pagamento adicional, significando apenas que 0,5% do imposto j\u00e1  liquidado \u00e0s Finan\u00e7as e pago pelo contribuinte em vez de reverter para o Estado pode reverter a favor da ADAV.<\/p>\n<p>A direc\u00e7\u00e3o e todos os benefici\u00e1rios dos apoios da ADAV agradecem.<\/p>\n","protected":false},"excerpt":{"rendered":"<p>De novo, pedimos a sua aten\u00e7\u00e3o: Na Declara\u00e7\u00e3o de IRS, anexo H\u00a0 Modelo 3, pode colocar a indica\u00e7\u00e3o de \u00abAssocia\u00e7\u00e3o de Defesa e Apoio da Vida, contribuinte n.\u00ba 505 085 615\u00bb, no Quadro da \u00abconsigna\u00e7\u00e3o de 0,5% do Imposto Liquidado\u00bb, &hellip; <a href=\"https:\/\/www.adavaveiro.org\/?p=2333\">Continuar a ler <span class=\"meta-nav\">&rarr;<\/span><\/a><\/p>\n","protected":false},"author":1,"featured_media":0,"comment_status":"closed","ping_status":"open","sticky":false,"template":"","format":"standard","meta":{"footnotes":""},"categories":[13],"tags":[],"class_list":["post-2333","post","type-post","status-publish","format-standard","hentry","category-colaborar"],"_links":{"self":[{"href":"https:\/\/www.adavaveiro.org\/index.php?rest_route=\/wp\/v2\/posts\/2333","targetHints":{"allow":["GET"]}}],"collection":[{"href":"https:\/\/www.adavaveiro.org\/index.php?rest_route=\/wp\/v2\/posts"}],"about":[{"href":"https:\/\/www.adavaveiro.org\/index.php?rest_route=\/wp\/v2\/types\/post"}],"author":[{"embeddable":true,"href":"https:\/\/www.adavaveiro.org\/index.php?rest_route=\/wp\/v2\/users\/1"}],"replies":[{"embeddable":true,"href":"https:\/\/www.adavaveiro.org\/index.php?rest_route=%2Fwp%2Fv2%2Fcomments&post=2333"}],"version-history":[{"count":11,"href":"https:\/\/www.adavaveiro.org\/index.php?rest_route=\/wp\/v2\/posts\/2333\/revisions"}],"predecessor-version":[{"id":2538,"href":"https:\/\/www.adavaveiro.org\/index.php?rest_route=\/wp\/v2\/posts\/2333\/revisions\/2538"}],"wp:attachment":[{"href":"https:\/\/www.adavaveiro.org\/index.php?rest_route=%2Fwp%2Fv2%2Fmedia&parent=2333"}],"wp:term":[{"taxonomy":"category","embeddable":true,"href":"https:\/\/www.adavaveiro.org\/index.php?rest_route=%2Fwp%2Fv2%2Fcategories&post=2333"},{"taxonomy":"post_tag","embeddable":true,"href":"https:\/\/www.adavaveiro.org\/index.php?rest_route=%2Fwp%2Fv2%2Ftags&post=2333"}],"curies":[{"name":"wp","href":"https:\/\/api.w.org\/{rel}","templated":true}]}}