{"id":234,"date":"2010-04-17T21:13:42","date_gmt":"2010-04-17T21:13:42","guid":{"rendered":"http:\/\/www.adavaveiro.org\/?p=234"},"modified":"2010-04-17T21:18:24","modified_gmt":"2010-04-17T21:18:24","slug":"voluntariado-sim-obrigado","status":"publish","type":"post","link":"https:\/\/www.adavaveiro.org\/?p=234","title":{"rendered":"Voluntariado, sim obrigado!"},"content":{"rendered":"<p><a href=\"http:\/\/www.adavaveiro.org\/wp-content\/uploads\/amizade-maos.jpg\"><img loading=\"lazy\" decoding=\"async\" class=\"alignleft size-thumbnail wp-image-219\" title=\"amizade - maos\" src=\"http:\/\/www.adavaveiro.org\/wp-content\/uploads\/amizade-maos-150x150.jpg\" alt=\"\" width=\"150\" height=\"150\" \/><\/a><\/p>\n<p><em>Carla Ribeiro<\/em><\/p>\n<p>Desde crian\u00e7a que sinto uma enorme vontade de ajudar os outros, ouvir quem precisa, aliviar o sofrimento alheio, e estendo este meu desejo, desde os animais aos seres humanos. Herdei esta caracter\u00edstica da minha m\u00e3e e tem-me acompanhado ao longo da vida!<\/p>\n<p>De uma forma modesta e pontual, fui exercendo sempre este meu lado altru\u00edsta, sem reservas e preconceitos. Mas sentia ainda assim que era muito pouco, a minha sede interior pedia algo mais duradouro e presente, foi quando surgiu a ADAV no meu caminho.<\/p>\n<p>Estou h\u00e1 quase um ano como volunt\u00e1ria nesta Associa\u00e7\u00e3o, que era para mim totalmente desconhecida, at\u00e9 ingressar nela! Tem sido uma experi\u00eancia \u00fanica, feliz e enriquecedora, que me enche a alma!<\/p>\n<p>Tenho aprendido muita coisa, a valorizar mais a minha vida, a cuidar dos meus grandes tesouros (sa\u00fade, fam\u00edlia e companheiro), a n\u00e3o fazer ju\u00edzos de valor precipitados sobre os outros e tenho-me inspirado nas verdadeiras hist\u00f3rias de coragem e luta de algumas utentes, para seguir em frente!<\/p>\n<p>N\u00e3o sou a pessoa indicada para me autoavaliar, mas penso que tenho conseguido criar la\u00e7os de carinho e confian\u00e7a com grande parte das utentes, dou-lhes o meu sorriso genu\u00edno, o meu ouvido atento e at\u00e9 algum mimo. Por momentos, tento passar-lhes toda a minha for\u00e7a e optimismo, para que percebam que n\u00e3o est\u00e3o s\u00f3s. Mais do que um simples saco de alimentos ou roupa, elas moram dentro de n\u00f3s!<\/p>\n<p><strong>A<\/strong>judar quem precisa,<\/p>\n<p><strong>D<\/strong>ar com o cora\u00e7\u00e3o,<\/p>\n<p><strong>A<\/strong>mar o pr\u00f3ximo,<\/p>\n<p><strong>V<\/strong>iver em harmonia, esta \u00e9 a minha <strong>MISS\u00c3O<\/strong>!<\/p>\n<p>Sejam felizes!<\/p>\n<p>Beijo amigo<\/p>\n<p>\u00a0\u00a0\u00a0\u00a0\u00a0\u00a0\u00a0\u00a0\u00a0\u00a0\u00a0\u00a0\u00a0\u00a0\u00a0\u00a0\u00a0\u00a0\u00a0\u00a0\u00a0\u00a0\u00a0\u00a0\u00a0\u00a0\u00a0\u00a0\u00a0\u00a0\u00a0\u00a0\u00a0\u00a0\u00a0\u00a0\u00a0\u00a0\u00a0\u00a0\u00a0\u00a0\u00a0\u00a0\u00a0\u00a0\u00a0\u00a0\u00a0\u00a0\u00a0\u00a0\u00a0\u00a0\u00a0\u00a0\u00a0\u00a0\u00a0\u00a0\u00a0\u00a0\u00a0\u00a0\u00a0\u00a0\u00a0\u00a0\u00a0\u00a0\u00a0\u00a0\u00a0\u00a0\u00a0\u00a0\u00a0\u00a0\u00a0\u00a0\u00a0\u00a0\u00a0\u00a0\u00a0\u00a0\u00a0\u00a0\u00a0\u00a0\u00a0\u00a0\u00a0\u00a0\u00a0\u00a0\u00a0\u00a0\u00a0\u00a0\u00a0\u00a0\u00a0\u00a0\u00a0\u00a0\u00a0\u00a0\u00a0\u00a0 12\/ 04\/ 2010<\/p>\n","protected":false},"excerpt":{"rendered":"<p>Carla Ribeiro Desde crian\u00e7a que sinto uma enorme vontade de ajudar os outros, ouvir quem precisa, aliviar o sofrimento alheio, e estendo este meu desejo, desde os animais aos seres humanos. Herdei esta caracter\u00edstica da minha m\u00e3e e tem-me acompanhado &hellip; <a href=\"https:\/\/www.adavaveiro.org\/?p=234\">Continuar a ler <span class=\"meta-nav\">&rarr;<\/span><\/a><\/p>\n","protected":false},"author":1,"featured_media":0,"comment_status":"closed","ping_status":"closed","sticky":false,"template":"","format":"standard","meta":{"footnotes":""},"categories":[9],"tags":[],"class_list":["post-234","post","type-post","status-publish","format-standard","hentry","category-refletir"],"_links":{"self":[{"href":"https:\/\/www.adavaveiro.org\/index.php?rest_route=\/wp\/v2\/posts\/234","targetHints":{"allow":["GET"]}}],"collection":[{"href":"https:\/\/www.adavaveiro.org\/index.php?rest_route=\/wp\/v2\/posts"}],"about":[{"href":"https:\/\/www.adavaveiro.org\/index.php?rest_route=\/wp\/v2\/types\/post"}],"author":[{"embeddable":true,"href":"https:\/\/www.adavaveiro.org\/index.php?rest_route=\/wp\/v2\/users\/1"}],"replies":[{"embeddable":true,"href":"https:\/\/www.adavaveiro.org\/index.php?rest_route=%2Fwp%2Fv2%2Fcomments&post=234"}],"version-history":[{"count":7,"href":"https:\/\/www.adavaveiro.org\/index.php?rest_route=\/wp\/v2\/posts\/234\/revisions"}],"predecessor-version":[{"id":238,"href":"https:\/\/www.adavaveiro.org\/index.php?rest_route=\/wp\/v2\/posts\/234\/revisions\/238"}],"wp:attachment":[{"href":"https:\/\/www.adavaveiro.org\/index.php?rest_route=%2Fwp%2Fv2%2Fmedia&parent=234"}],"wp:term":[{"taxonomy":"category","embeddable":true,"href":"https:\/\/www.adavaveiro.org\/index.php?rest_route=%2Fwp%2Fv2%2Fcategories&post=234"},{"taxonomy":"post_tag","embeddable":true,"href":"https:\/\/www.adavaveiro.org\/index.php?rest_route=%2Fwp%2Fv2%2Ftags&post=234"}],"curies":[{"name":"wp","href":"https:\/\/api.w.org\/{rel}","templated":true}]}}