{"id":2354,"date":"2012-04-21T07:28:22","date_gmt":"2012-04-21T07:28:22","guid":{"rendered":"http:\/\/www.adavaveiro.org\/?p=2354"},"modified":"2012-04-21T07:36:16","modified_gmt":"2012-04-21T07:36:16","slug":"mulheres-que-repetem-abortos-tem-aumentado","status":"publish","type":"post","link":"https:\/\/www.adavaveiro.org\/?p=2354","title":{"rendered":"Mulheres que repetem abortos tem aumentado"},"content":{"rendered":"<p><a rel=\"attachment wp-att-113\" href=\"http:\/\/www.adavaveiro.org\/?attachment_id=113\"><img loading=\"lazy\" decoding=\"async\" class=\"aligncenter size-thumbnail wp-image-113\" title=\"vida-no-ventre1\" src=\"http:\/\/www.adavaveiro.org\/wp-content\/uploads\/vida-no-ventre1-150x150.jpg\" alt=\"\" width=\"150\" height=\"150\" \/><\/a>Diz o <em>P\u00fablico<\/em> de 21 de abril de 2012 que o n\u00famero de mulheres que repete abortos tem vindo a aumentar. Ali\u00e1s, desde 2007 realizaram-se em Portugal mais de 80 mil abortos, dos quais perto de 13.500 foram repeti\u00e7\u00f5es.<\/p>\n<p>&#8220;O presidente do Conselho Nacional de \u00c9tica para as Ci\u00eancias da Vida  (CNECV), Miguel Oliveira e Silva, considera que a maior virtude da lei  foi as mulheres deixarem de morrer por causa de um aborto, mas  classifica de \u201cvergonhoso\u201d e \u201cindesculp\u00e1vel\u201d o facto do Minist\u00e9rio da  Sa\u00fade n\u00e3o ter imposto uma taxa moderadora para o aborto recorrente.&#8221;<\/p>\n<p>&#8220;O \u00faltimo estudo feito sobre o n\u00famero de abortos em Portugal foi  realizado pela Federa\u00e7\u00e3o Portuguesa pela Vida (FPV) e teve por base os  dados oficiais dispon\u00edveis: da Direc\u00e7\u00e3o-geral da Sa\u00fade e do Instituto  Nacional de Estat\u00edstica, at\u00e9 2010. De acordo com esses n\u00fameros, desde  2007 realizaram-se em Portugal mais de 80 mil interrup\u00e7\u00f5es, das quais  perto de 13.500 foram repeti\u00e7\u00f5es.&#8221;<\/p>\n<p style=\"text-align: left;\">Not\u00edcia completa em <a href=\"http:\/\/www.publico.pt\/Sociedade\/numero-de-mulheres-que-repetem-abortos-tem-aumentado-1542969\" target=\"_blank\">http:\/\/www.publico.pt<\/a> OU <a href=\"http:\/\/www.adavaveiro.org\/?page_id=2361\" target=\"_self\">http:\/\/www.adavaveiro.org<\/a><\/p>\n","protected":false},"excerpt":{"rendered":"<p>Diz o P\u00fablico de 21 de abril de 2012 que o n\u00famero de mulheres que repete abortos tem vindo a aumentar. Ali\u00e1s, desde 2007 realizaram-se em Portugal mais de 80 mil abortos, dos quais perto de 13.500 foram repeti\u00e7\u00f5es. &#8220;O &hellip; <a href=\"https:\/\/www.adavaveiro.org\/?p=2354\">Continuar a ler <span class=\"meta-nav\">&rarr;<\/span><\/a><\/p>\n","protected":false},"author":1,"featured_media":0,"comment_status":"closed","ping_status":"open","sticky":false,"template":"","format":"standard","meta":{"footnotes":""},"categories":[20],"tags":[],"class_list":["post-2354","post","type-post","status-publish","format-standard","hentry","category-informacao"],"_links":{"self":[{"href":"https:\/\/www.adavaveiro.org\/index.php?rest_route=\/wp\/v2\/posts\/2354","targetHints":{"allow":["GET"]}}],"collection":[{"href":"https:\/\/www.adavaveiro.org\/index.php?rest_route=\/wp\/v2\/posts"}],"about":[{"href":"https:\/\/www.adavaveiro.org\/index.php?rest_route=\/wp\/v2\/types\/post"}],"author":[{"embeddable":true,"href":"https:\/\/www.adavaveiro.org\/index.php?rest_route=\/wp\/v2\/users\/1"}],"replies":[{"embeddable":true,"href":"https:\/\/www.adavaveiro.org\/index.php?rest_route=%2Fwp%2Fv2%2Fcomments&post=2354"}],"version-history":[{"count":22,"href":"https:\/\/www.adavaveiro.org\/index.php?rest_route=\/wp\/v2\/posts\/2354\/revisions"}],"predecessor-version":[{"id":2379,"href":"https:\/\/www.adavaveiro.org\/index.php?rest_route=\/wp\/v2\/posts\/2354\/revisions\/2379"}],"wp:attachment":[{"href":"https:\/\/www.adavaveiro.org\/index.php?rest_route=%2Fwp%2Fv2%2Fmedia&parent=2354"}],"wp:term":[{"taxonomy":"category","embeddable":true,"href":"https:\/\/www.adavaveiro.org\/index.php?rest_route=%2Fwp%2Fv2%2Fcategories&post=2354"},{"taxonomy":"post_tag","embeddable":true,"href":"https:\/\/www.adavaveiro.org\/index.php?rest_route=%2Fwp%2Fv2%2Ftags&post=2354"}],"curies":[{"name":"wp","href":"https:\/\/api.w.org\/{rel}","templated":true}]}}