{"id":2400,"date":"2012-05-05T10:01:17","date_gmt":"2012-05-05T10:01:17","guid":{"rendered":"http:\/\/www.adavaveiro.org\/?p=2400"},"modified":"2012-05-30T21:20:13","modified_gmt":"2012-05-30T21:20:13","slug":"semana-da-vida","status":"publish","type":"post","link":"https:\/\/www.adavaveiro.org\/?p=2400","title":{"rendered":"semana da vida"},"content":{"rendered":"<h4 style=\"text-align: center;\"><span style=\"color: #800000;\">CICLO de CINEMA<br \/>\nentrada livre<\/span><\/h4>\n<p style=\"text-align: center;\">organiza\u00e7\u00e3o:<br \/>\nISCRA (Instituto Superior de Ci\u00eancias Religiosas)<br \/>\nASSOCIA\u00c7\u00c3O dos M\u00c9DICOS CAT\u00d3LICOS<br \/>\nADAV AVEIRO<\/p>\n<h4 style=\"text-align: center;\"><span style=\"color: #800000;\">15 e 17 de maio &#8211; 20h30<\/span><\/h4>\n<h4 style=\"text-align: center;\">LOCAL: <span style=\"color: #800000;\">CUFC AVEIRO<\/span><\/h4>\n<h2 style=\"text-align: center;\"><span style=\"color: #800000;\">ver um filme e debater<\/span><\/h2>\n<p><a href=\"http:\/\/www.adavaveiro.org\/?attachment_id=2401\" rel=\"attachment wp-att-2401\"><img loading=\"lazy\" decoding=\"async\" class=\"aligncenter size-thumbnail wp-image-2401\" title=\"ciclodecinema\" src=\"http:\/\/www.adavaveiro.org\/wp-content\/uploads\/2012\/05\/ciclodecinema-146x260.jpg\" alt=\"\" width=\"146\" height=\"260\" srcset=\"https:\/\/www.adavaveiro.org\/wp-content\/uploads\/2012\/05\/ciclodecinema-146x260.jpg 146w, https:\/\/www.adavaveiro.org\/wp-content\/uploads\/2012\/05\/ciclodecinema-169x300.jpg 169w, https:\/\/www.adavaveiro.org\/wp-content\/uploads\/2012\/05\/ciclodecinema-578x1024.jpg 578w\" sizes=\"auto, (max-width: 146px) 100vw, 146px\" \/><\/a><\/p>\n","protected":false},"excerpt":{"rendered":"<p>CICLO de CINEMA entrada livre organiza\u00e7\u00e3o: ISCRA (Instituto Superior de Ci\u00eancias Religiosas) ASSOCIA\u00c7\u00c3O dos M\u00c9DICOS CAT\u00d3LICOS ADAV AVEIRO 15 e 17 de maio &#8211; 20h30 LOCAL: CUFC AVEIRO ver um filme e debater<\/p>\n","protected":false},"author":1,"featured_media":0,"comment_status":"closed","ping_status":"open","sticky":false,"template":"","format":"standard","meta":{"footnotes":""},"categories":[24,9],"tags":[],"class_list":["post-2400","post","type-post","status-publish","format-standard","hentry","category-formacao","category-refletir"],"_links":{"self":[{"href":"https:\/\/www.adavaveiro.org\/index.php?rest_route=\/wp\/v2\/posts\/2400","targetHints":{"allow":["GET"]}}],"collection":[{"href":"https:\/\/www.adavaveiro.org\/index.php?rest_route=\/wp\/v2\/posts"}],"about":[{"href":"https:\/\/www.adavaveiro.org\/index.php?rest_route=\/wp\/v2\/types\/post"}],"author":[{"embeddable":true,"href":"https:\/\/www.adavaveiro.org\/index.php?rest_route=\/wp\/v2\/users\/1"}],"replies":[{"embeddable":true,"href":"https:\/\/www.adavaveiro.org\/index.php?rest_route=%2Fwp%2Fv2%2Fcomments&post=2400"}],"version-history":[{"count":31,"href":"https:\/\/www.adavaveiro.org\/index.php?rest_route=\/wp\/v2\/posts\/2400\/revisions"}],"predecessor-version":[{"id":2504,"href":"https:\/\/www.adavaveiro.org\/index.php?rest_route=\/wp\/v2\/posts\/2400\/revisions\/2504"}],"wp:attachment":[{"href":"https:\/\/www.adavaveiro.org\/index.php?rest_route=%2Fwp%2Fv2%2Fmedia&parent=2400"}],"wp:term":[{"taxonomy":"category","embeddable":true,"href":"https:\/\/www.adavaveiro.org\/index.php?rest_route=%2Fwp%2Fv2%2Fcategories&post=2400"},{"taxonomy":"post_tag","embeddable":true,"href":"https:\/\/www.adavaveiro.org\/index.php?rest_route=%2Fwp%2Fv2%2Ftags&post=2400"}],"curies":[{"name":"wp","href":"https:\/\/api.w.org\/{rel}","templated":true}]}}