{"id":2483,"date":"2012-05-15T20:01:24","date_gmt":"2012-05-15T20:01:24","guid":{"rendered":"http:\/\/www.adavaveiro.org\/?p=2483"},"modified":"2013-02-19T20:53:09","modified_gmt":"2013-02-19T20:53:09","slug":"dia-da-familia","status":"publish","type":"post","link":"https:\/\/www.adavaveiro.org\/?p=2483","title":{"rendered":"dia da fam\u00edlia"},"content":{"rendered":"<p>A Organiza\u00e7\u00e3o das Na\u00e7\u00f5es Unidas (ONU) prop\u00f4s e, desde 1994, o dia 15 de Maio assinala o Dia Internacional da Fam\u00edlia. Assim, reconhece-se o papel nuclear da fam\u00edlia na sociedade e pretende-se impulsionar a ado\u00e7\u00e3o de medidas no plano nacional e internacional com o fim de melhorar as condi\u00e7\u00f5es da fam\u00edlia.<\/p>\n","protected":false},"excerpt":{"rendered":"<p>A Organiza\u00e7\u00e3o das Na\u00e7\u00f5es Unidas (ONU) prop\u00f4s e, desde 1994, o dia 15 de Maio assinala o Dia Internacional da Fam\u00edlia. Assim, reconhece-se o papel nuclear da fam\u00edlia na sociedade e pretende-se impulsionar a ado\u00e7\u00e3o de medidas no plano nacional &hellip; <a href=\"https:\/\/www.adavaveiro.org\/?p=2483\">Continuar a ler <span class=\"meta-nav\">&rarr;<\/span><\/a><\/p>\n","protected":false},"author":1,"featured_media":0,"comment_status":"closed","ping_status":"closed","sticky":false,"template":"","format":"standard","meta":{"footnotes":""},"categories":[8],"tags":[],"class_list":["post-2483","post","type-post","status-publish","format-standard","hentry","category-comemoracao"],"_links":{"self":[{"href":"https:\/\/www.adavaveiro.org\/index.php?rest_route=\/wp\/v2\/posts\/2483","targetHints":{"allow":["GET"]}}],"collection":[{"href":"https:\/\/www.adavaveiro.org\/index.php?rest_route=\/wp\/v2\/posts"}],"about":[{"href":"https:\/\/www.adavaveiro.org\/index.php?rest_route=\/wp\/v2\/types\/post"}],"author":[{"embeddable":true,"href":"https:\/\/www.adavaveiro.org\/index.php?rest_route=\/wp\/v2\/users\/1"}],"replies":[{"embeddable":true,"href":"https:\/\/www.adavaveiro.org\/index.php?rest_route=%2Fwp%2Fv2%2Fcomments&post=2483"}],"version-history":[{"count":21,"href":"https:\/\/www.adavaveiro.org\/index.php?rest_route=\/wp\/v2\/posts\/2483\/revisions"}],"predecessor-version":[{"id":2889,"href":"https:\/\/www.adavaveiro.org\/index.php?rest_route=\/wp\/v2\/posts\/2483\/revisions\/2889"}],"wp:attachment":[{"href":"https:\/\/www.adavaveiro.org\/index.php?rest_route=%2Fwp%2Fv2%2Fmedia&parent=2483"}],"wp:term":[{"taxonomy":"category","embeddable":true,"href":"https:\/\/www.adavaveiro.org\/index.php?rest_route=%2Fwp%2Fv2%2Fcategories&post=2483"},{"taxonomy":"post_tag","embeddable":true,"href":"https:\/\/www.adavaveiro.org\/index.php?rest_route=%2Fwp%2Fv2%2Ftags&post=2483"}],"curies":[{"name":"wp","href":"https:\/\/api.w.org\/{rel}","templated":true}]}}