{"id":2522,"date":"2012-06-01T07:25:11","date_gmt":"2012-06-01T07:25:11","guid":{"rendered":"http:\/\/www.adavaveiro.org\/?p=2522"},"modified":"2012-06-14T16:50:27","modified_gmt":"2012-06-14T16:50:27","slug":"dia-mundial-da-crianca-2","status":"publish","type":"post","link":"https:\/\/www.adavaveiro.org\/?p=2522","title":{"rendered":"dia mundial da crian\u00e7a"},"content":{"rendered":"<p><a href=\"http:\/\/www.adavaveiro.org\/?attachment_id=2523\" rel=\"attachment wp-att-2523\"><img loading=\"lazy\" decoding=\"async\" class=\"aligncenter size-thumbnail wp-image-2523\" title=\"dia mundial\" src=\"http:\/\/www.adavaveiro.org\/wp-content\/uploads\/2012\/06\/dia-mundial-257x260.jpg\" alt=\"\" width=\"257\" height=\"260\" srcset=\"https:\/\/www.adavaveiro.org\/wp-content\/uploads\/2012\/06\/dia-mundial-257x260.jpg 257w, https:\/\/www.adavaveiro.org\/wp-content\/uploads\/2012\/06\/dia-mundial-296x300.jpg 296w, https:\/\/www.adavaveiro.org\/wp-content\/uploads\/2012\/06\/dia-mundial.jpg 344w\" sizes=\"auto, (max-width: 257px) 100vw, 257px\" \/><\/a>Pedra Filosofal<\/p>\n<p>(&#8230;)<\/p>\n<p>Eles n\u00e3o sabem, nem sonham,<br \/>\nque o sonho comanda a vida,<br \/>\nque sempre que um homem sonha<br \/>\no mundo pula e avan\u00e7a<br \/>\ncomo bola colorida<br \/>\nentre as m\u00e3os de uma crian\u00e7a.<\/p>\n<p>Ant\u00f3nio Gede\u00e3o &#8211; Movimento Perp\u00e9tuo, 1956<\/p>\n","protected":false},"excerpt":{"rendered":"<p>Pedra Filosofal (&#8230;) Eles n\u00e3o sabem, nem sonham, que o sonho comanda a vida, que sempre que um homem sonha o mundo pula e avan\u00e7a como bola colorida entre as m\u00e3os de uma crian\u00e7a. Ant\u00f3nio Gede\u00e3o &#8211; Movimento Perp\u00e9tuo, 1956<\/p>\n","protected":false},"author":1,"featured_media":0,"comment_status":"closed","ping_status":"open","sticky":false,"template":"","format":"standard","meta":{"footnotes":""},"categories":[8],"tags":[],"class_list":["post-2522","post","type-post","status-publish","format-standard","hentry","category-comemoracao"],"_links":{"self":[{"href":"https:\/\/www.adavaveiro.org\/index.php?rest_route=\/wp\/v2\/posts\/2522","targetHints":{"allow":["GET"]}}],"collection":[{"href":"https:\/\/www.adavaveiro.org\/index.php?rest_route=\/wp\/v2\/posts"}],"about":[{"href":"https:\/\/www.adavaveiro.org\/index.php?rest_route=\/wp\/v2\/types\/post"}],"author":[{"embeddable":true,"href":"https:\/\/www.adavaveiro.org\/index.php?rest_route=\/wp\/v2\/users\/1"}],"replies":[{"embeddable":true,"href":"https:\/\/www.adavaveiro.org\/index.php?rest_route=%2Fwp%2Fv2%2Fcomments&post=2522"}],"version-history":[{"count":11,"href":"https:\/\/www.adavaveiro.org\/index.php?rest_route=\/wp\/v2\/posts\/2522\/revisions"}],"predecessor-version":[{"id":2534,"href":"https:\/\/www.adavaveiro.org\/index.php?rest_route=\/wp\/v2\/posts\/2522\/revisions\/2534"}],"wp:attachment":[{"href":"https:\/\/www.adavaveiro.org\/index.php?rest_route=%2Fwp%2Fv2%2Fmedia&parent=2522"}],"wp:term":[{"taxonomy":"category","embeddable":true,"href":"https:\/\/www.adavaveiro.org\/index.php?rest_route=%2Fwp%2Fv2%2Fcategories&post=2522"},{"taxonomy":"post_tag","embeddable":true,"href":"https:\/\/www.adavaveiro.org\/index.php?rest_route=%2Fwp%2Fv2%2Ftags&post=2522"}],"curies":[{"name":"wp","href":"https:\/\/api.w.org\/{rel}","templated":true}]}}