{"id":2539,"date":"2012-06-14T17:00:25","date_gmt":"2012-06-14T17:00:25","guid":{"rendered":"http:\/\/www.adavaveiro.org\/?p=2539"},"modified":"2012-06-14T17:07:23","modified_gmt":"2012-06-14T17:07:23","slug":"na-europa-bebes-abandonados-em-modernas-rodas","status":"publish","type":"post","link":"https:\/\/www.adavaveiro.org\/?p=2539","title":{"rendered":"Aumentam na Europa os beb\u00e9s abandonados em \u201crodas\u201d modernas"},"content":{"rendered":"<div>\n<div>\n<blockquote><p><span style=\"color: #800000;\">Segundo o jornal\u00a0<em>P\u00daBLICO<\/em><\/span><\/p>\n<p><span style=\"color: #000000;\">Em v\u00e1rios pa\u00edses europeus, os beb\u00e9s indesejados s\u00e3o abandonados numa esp\u00e9cie de \u201ccaixas\u201d semelhantes \u00e0 \u201croda\u201d, na Idade M\u00e9dia. Em 12 anos, mais de 400 crian\u00e7as foram deixadas nesses dispositivos. As Na\u00e7\u00f5es Unidas consideram que \u00e9 uma viola\u00e7\u00e3o dos Direitos da Crian\u00e7a.<\/span><\/p><\/blockquote>\n<\/div>\n<\/div>\n<p><span style=\"color: #000000;\">Na Idade M\u00e9dia, em Portugal, os beb\u00e9s ileg\u00edtimos eram colocadas na chamada Roda dos Enjeitados que foi oficializada em 1783 por Pina Manique, Intendente Geral da Pol\u00edcia. Foi por sua iniciativa que foram criadas as Casas de Roda para receber essas crian\u00e7as indesejadas. Esses dep\u00f3sitos de rec\u00e9m-nascidos foram extintos por decreto em 1867. Hoje, os beb\u00e9s indesejados s\u00e3o entregues em institui\u00e7\u00f5es e muitos deles s\u00e3o depois candidatos \u00e0 adop\u00e7\u00e3o.<\/span><\/p>\n<p><span style=\"color: #000000;\">O aumento destas caixas que acolhem beb\u00e9s na Europa est\u00e1 a preocupar cada vez mais as Na\u00e7\u00f5es Unidas por considerar que esta pr\u00e1tica \u201ccontraria o direito da crian\u00e7a a ser conhecida e cuidada pelos seus pais\u201d.<\/span><\/p>\n<p><span style=\"color: #000000;\">Em Fran\u00e7a e na Holanda as mulheres t\u00eam o direito ao anonimato ap\u00f3s o parto; no Reino Unido continua a ser um crime abandonar secretamente uma crian\u00e7a.<\/span><\/p>\n<p>&nbsp;<\/p>\n<p><span style=\"color: #000000;\">Leia o artigo completo<\/span> <a href=\"http:\/\/www.adavaveiro.org\/?page_id=2541\">aqui<\/a> OU <a href=\"http:\/\/www.publico.pt\/Sociedade\/aumentam-na-europa-os-bebes-abandonados-em-modernas-rodas-1549848\" target=\"_blank\">aqui<\/a><\/p>\n","protected":false},"excerpt":{"rendered":"<p>Segundo o jornal\u00a0P\u00daBLICO Em v\u00e1rios pa\u00edses europeus, os beb\u00e9s indesejados s\u00e3o abandonados numa esp\u00e9cie de \u201ccaixas\u201d semelhantes \u00e0 \u201croda\u201d, na Idade M\u00e9dia. Em 12 anos, mais de 400 crian\u00e7as foram deixadas nesses dispositivos. As Na\u00e7\u00f5es Unidas consideram que \u00e9 uma &hellip; <a href=\"https:\/\/www.adavaveiro.org\/?p=2539\">Continuar a ler <span class=\"meta-nav\">&rarr;<\/span><\/a><\/p>\n","protected":false},"author":1,"featured_media":0,"comment_status":"open","ping_status":"open","sticky":false,"template":"","format":"standard","meta":{"footnotes":""},"categories":[9],"tags":[],"class_list":["post-2539","post","type-post","status-publish","format-standard","hentry","category-refletir"],"_links":{"self":[{"href":"https:\/\/www.adavaveiro.org\/index.php?rest_route=\/wp\/v2\/posts\/2539","targetHints":{"allow":["GET"]}}],"collection":[{"href":"https:\/\/www.adavaveiro.org\/index.php?rest_route=\/wp\/v2\/posts"}],"about":[{"href":"https:\/\/www.adavaveiro.org\/index.php?rest_route=\/wp\/v2\/types\/post"}],"author":[{"embeddable":true,"href":"https:\/\/www.adavaveiro.org\/index.php?rest_route=\/wp\/v2\/users\/1"}],"replies":[{"embeddable":true,"href":"https:\/\/www.adavaveiro.org\/index.php?rest_route=%2Fwp%2Fv2%2Fcomments&post=2539"}],"version-history":[{"count":11,"href":"https:\/\/www.adavaveiro.org\/index.php?rest_route=\/wp\/v2\/posts\/2539\/revisions"}],"predecessor-version":[{"id":2547,"href":"https:\/\/www.adavaveiro.org\/index.php?rest_route=\/wp\/v2\/posts\/2539\/revisions\/2547"}],"wp:attachment":[{"href":"https:\/\/www.adavaveiro.org\/index.php?rest_route=%2Fwp%2Fv2%2Fmedia&parent=2539"}],"wp:term":[{"taxonomy":"category","embeddable":true,"href":"https:\/\/www.adavaveiro.org\/index.php?rest_route=%2Fwp%2Fv2%2Fcategories&post=2539"},{"taxonomy":"post_tag","embeddable":true,"href":"https:\/\/www.adavaveiro.org\/index.php?rest_route=%2Fwp%2Fv2%2Ftags&post=2539"}],"curies":[{"name":"wp","href":"https:\/\/api.w.org\/{rel}","templated":true}]}}