{"id":256,"date":"2010-04-24T21:37:49","date_gmt":"2010-04-24T21:37:49","guid":{"rendered":"http:\/\/www.adavaveiro.org\/?p=256"},"modified":"2010-04-26T20:42:16","modified_gmt":"2010-04-26T20:42:16","slug":"em-visita-a-adav","status":"publish","type":"post","link":"https:\/\/www.adavaveiro.org\/?p=256","title":{"rendered":"em visita \u00e0 ADAV"},"content":{"rendered":"<p><a href=\"http:\/\/www.adavaveiro.org\/wp-content\/uploads\/imagem_olhar.jpg\"><\/a><\/p>\n<p><a href=\"http:\/\/www.adavaveiro.org\/wp-content\/uploads\/peinture-enfants_lightbox.jpg\"><img loading=\"lazy\" decoding=\"async\" class=\"alignnone size-thumbnail wp-image-262\" title=\"peinture-enfants_lightbox\" src=\"http:\/\/www.adavaveiro.org\/wp-content\/uploads\/peinture-enfants_lightbox-150x150.jpg\" alt=\"\" width=\"150\" height=\"150\" \/><\/a><\/p>\n<p>No dia 30 de Mar\u00e7o, duas turmas da nossa escola, uma de cabeleireiro e outra de est\u00e9tica, fizeram uma visita \u00e0s instala\u00e7\u00f5es da ADAV (Associa\u00e7\u00e3o de Defesa e Apoio \u00e0 Vida).<\/p>\n<p>N\u00e3o pod\u00edamos deixar de dar o nosso testemunho do quanto foi importante para n\u00f3s conhecer a Associa\u00e7\u00e3o, as pessoas que nela trabalham fazendo voluntariado, e os seus objectivos.<\/p>\n<p>N\u00e3o foi uma simples visita. Conhecemos um grupo de volunt\u00e1rias que ajuda o pr\u00f3ximo. E constat\u00e1mos que ajudam, n\u00e3o pelo facto de ser bonito e ficar bem, mas naquele local havia sentimentos, humanidade, vontade de dar e partilhar. Fazem-no porque acreditam que se todos n\u00f3s ficarmos de bra\u00e7os cruzados o mundo ser\u00e1 mais cruel e desumano.<\/p>\n<p>A n\u00f3s, formandas, esse dia marcou-nos muito. H\u00e1 muito que n\u00e3o v\u00edamos pessoas com tanta humanidade. Pois \u00e9!!! Hoje est\u00e3o em vias de extin\u00e7\u00e3o pessoas com tanta dedica\u00e7\u00e3o e humildade. Foi bonito o que foi dito naquela sala.<\/p>\n<p>Todos deviam dar um pouco de si. Quem sabe amanh\u00e3 seremos n\u00f3s ou algum familiar a precisar. E a\u00ed tamb\u00e9m gostar\u00edamos de ser ajudados e tratados com o mesmo respeito e dignidade.<\/p>\n<p>Agradecemos em especial \u00e0 formadora F\u00e1tima por nos ter dado a oportunidade de tamb\u00e9m podermos de alguma maneira ajudar e podermos ser melhores pessoas. Agradecemos tamb\u00e9m a todas as pessoas que fazem l\u00e1 voluntariado com tanto amor e dedica\u00e7\u00e3o.<\/p>\n<p>Agora temos a certeza de que quando ajudamos os outros a serem felizes contribu\u00edmos tamb\u00e9m para a nossa pr\u00f3pria felicidade. Vale sempre a pena ajudar, pois pouca coisa se compara a um humilde sorriso.<\/p>\n<p>Testemunho das formandas: Ros\u00e1rio Rodrigues e In\u00eas Campos, da Escola Profissional de Cabeleireiro e Est\u00e9tica, ABC &#8211; Aveiro<\/p>\n","protected":false},"excerpt":{"rendered":"<p>No dia 30 de Mar\u00e7o, duas turmas da nossa escola, uma de cabeleireiro e outra de est\u00e9tica, fizeram uma visita \u00e0s instala\u00e7\u00f5es da ADAV (Associa\u00e7\u00e3o de Defesa e Apoio \u00e0 Vida). N\u00e3o pod\u00edamos deixar de dar o nosso testemunho do &hellip; <a href=\"https:\/\/www.adavaveiro.org\/?p=256\">Continuar a ler <span class=\"meta-nav\">&rarr;<\/span><\/a><\/p>\n","protected":false},"author":1,"featured_media":0,"comment_status":"closed","ping_status":"closed","sticky":false,"template":"","format":"standard","meta":{"footnotes":""},"categories":[9],"tags":[],"class_list":["post-256","post","type-post","status-publish","format-standard","hentry","category-refletir"],"_links":{"self":[{"href":"https:\/\/www.adavaveiro.org\/index.php?rest_route=\/wp\/v2\/posts\/256","targetHints":{"allow":["GET"]}}],"collection":[{"href":"https:\/\/www.adavaveiro.org\/index.php?rest_route=\/wp\/v2\/posts"}],"about":[{"href":"https:\/\/www.adavaveiro.org\/index.php?rest_route=\/wp\/v2\/types\/post"}],"author":[{"embeddable":true,"href":"https:\/\/www.adavaveiro.org\/index.php?rest_route=\/wp\/v2\/users\/1"}],"replies":[{"embeddable":true,"href":"https:\/\/www.adavaveiro.org\/index.php?rest_route=%2Fwp%2Fv2%2Fcomments&post=256"}],"version-history":[{"count":13,"href":"https:\/\/www.adavaveiro.org\/index.php?rest_route=\/wp\/v2\/posts\/256\/revisions"}],"predecessor-version":[{"id":272,"href":"https:\/\/www.adavaveiro.org\/index.php?rest_route=\/wp\/v2\/posts\/256\/revisions\/272"}],"wp:attachment":[{"href":"https:\/\/www.adavaveiro.org\/index.php?rest_route=%2Fwp%2Fv2%2Fmedia&parent=256"}],"wp:term":[{"taxonomy":"category","embeddable":true,"href":"https:\/\/www.adavaveiro.org\/index.php?rest_route=%2Fwp%2Fv2%2Fcategories&post=256"},{"taxonomy":"post_tag","embeddable":true,"href":"https:\/\/www.adavaveiro.org\/index.php?rest_route=%2Fwp%2Fv2%2Ftags&post=256"}],"curies":[{"name":"wp","href":"https:\/\/api.w.org\/{rel}","templated":true}]}}