{"id":2561,"date":"2012-07-08T13:28:13","date_gmt":"2012-07-08T13:28:13","guid":{"rendered":"http:\/\/www.adavaveiro.org\/?p=2561"},"modified":"2012-09-16T19:46:39","modified_gmt":"2012-09-16T19:46:39","slug":"atendimento-agosto","status":"publish","type":"post","link":"https:\/\/www.adavaveiro.org\/?p=2561","title":{"rendered":"ATENDIMENTO &#8211; agosto"},"content":{"rendered":"<h4 style=\"text-align: center;\"><span style=\"color: #800000;\">A sede estar\u00e1 FECHADA<br \/>\ndurante o m\u00eas de agosto.<br \/>\nPara qualquer emerg\u00eancia, por favor,<br \/>\nenvie um email ou ligue-nos.<\/span><\/h4>\n<h2 style=\"text-align: center;\"><span style=\"color: #800000;\"><a href=\"http:\/\/www.adavaveiro.org\/?attachment_id=2563\" rel=\"attachment wp-att-2563\"><span style=\"color: #800000;\"><img loading=\"lazy\" decoding=\"async\" class=\"aligncenter size-thumbnail wp-image-2563\" title=\"linda_bonequinha\" src=\"http:\/\/www.adavaveiro.org\/wp-content\/uploads\/2012\/07\/linda_bonequinha-115x260.jpg\" alt=\"\" width=\"115\" height=\"260\" srcset=\"https:\/\/www.adavaveiro.org\/wp-content\/uploads\/2012\/07\/linda_bonequinha-115x260.jpg 115w, https:\/\/www.adavaveiro.org\/wp-content\/uploads\/2012\/07\/linda_bonequinha-133x300.jpg 133w\" sizes=\"auto, (max-width: 115px) 100vw, 115px\" \/><\/span><\/a><\/span><\/h2>\n<h2 style=\"text-align: center;\"><span style=\"color: #800000;\">Obrigado!<\/span><\/h2>\n","protected":false},"excerpt":{"rendered":"<p>A sede estar\u00e1 FECHADA durante o m\u00eas de agosto. Para qualquer emerg\u00eancia, por favor, envie um email ou ligue-nos. Obrigado!<\/p>\n","protected":false},"author":1,"featured_media":0,"comment_status":"closed","ping_status":"open","sticky":false,"template":"","format":"standard","meta":{"footnotes":""},"categories":[20],"tags":[],"class_list":["post-2561","post","type-post","status-publish","format-standard","hentry","category-informacao"],"_links":{"self":[{"href":"https:\/\/www.adavaveiro.org\/index.php?rest_route=\/wp\/v2\/posts\/2561","targetHints":{"allow":["GET"]}}],"collection":[{"href":"https:\/\/www.adavaveiro.org\/index.php?rest_route=\/wp\/v2\/posts"}],"about":[{"href":"https:\/\/www.adavaveiro.org\/index.php?rest_route=\/wp\/v2\/types\/post"}],"author":[{"embeddable":true,"href":"https:\/\/www.adavaveiro.org\/index.php?rest_route=\/wp\/v2\/users\/1"}],"replies":[{"embeddable":true,"href":"https:\/\/www.adavaveiro.org\/index.php?rest_route=%2Fwp%2Fv2%2Fcomments&post=2561"}],"version-history":[{"count":11,"href":"https:\/\/www.adavaveiro.org\/index.php?rest_route=\/wp\/v2\/posts\/2561\/revisions"}],"predecessor-version":[{"id":2617,"href":"https:\/\/www.adavaveiro.org\/index.php?rest_route=\/wp\/v2\/posts\/2561\/revisions\/2617"}],"wp:attachment":[{"href":"https:\/\/www.adavaveiro.org\/index.php?rest_route=%2Fwp%2Fv2%2Fmedia&parent=2561"}],"wp:term":[{"taxonomy":"category","embeddable":true,"href":"https:\/\/www.adavaveiro.org\/index.php?rest_route=%2Fwp%2Fv2%2Fcategories&post=2561"},{"taxonomy":"post_tag","embeddable":true,"href":"https:\/\/www.adavaveiro.org\/index.php?rest_route=%2Fwp%2Fv2%2Ftags&post=2561"}],"curies":[{"name":"wp","href":"https:\/\/api.w.org\/{rel}","templated":true}]}}