{"id":2578,"date":"2012-07-31T13:49:49","date_gmt":"2012-07-31T13:49:49","guid":{"rendered":"http:\/\/www.adavaveiro.org\/?p=2578"},"modified":"2012-08-23T09:28:25","modified_gmt":"2012-08-23T09:28:25","slug":"o-ano-com-menos-nascimentos-desde-que-ha-registo","status":"publish","type":"post","link":"https:\/\/www.adavaveiro.org\/?p=2578","title":{"rendered":"o ano com menos nascimentos desde que h\u00e1 registo"},"content":{"rendered":"<p><span style=\"color: #000000;\">Segundo informa\u00e7\u00e3o de 5 de julho de 2012, entre janeiro e junho, nasceram pouco mais de 43 mil <strong>beb\u00e9s<\/strong>, menos quatro mil que em igual per\u00edodo de 2011, segundo dados revelados pelo DN.<\/span><\/p>\n<p><span style=\"color: #000000;\">O n\u00famero de <strong>nascimentos<\/strong> em <strong>Portugal<\/strong> poder\u00e1 atingir, ainda em 2012, o n\u00edvel mais baixo desde o in\u00edcio do s\u00e9c. XX, caso se mantenha a tend\u00eancia dos <strong>primeiros seis meses<\/strong>.<\/span><\/p>\n<p><span style=\"color: #000000;\"><a href=\"http:\/\/www.adavaveiro.org\/?attachment_id=1999\" rel=\"attachment wp-att-1999\"><img loading=\"lazy\" decoding=\"async\" class=\"aligncenter size-thumbnail wp-image-1999\" title=\"bebes 7000 milhoes\" src=\"http:\/\/www.adavaveiro.org\/wp-content\/uploads\/2011\/10\/bebes-7000-milhoes-260x173.jpg\" alt=\"\" width=\"260\" height=\"173\" srcset=\"https:\/\/www.adavaveiro.org\/wp-content\/uploads\/2011\/10\/bebes-7000-milhoes-260x173.jpg 260w, https:\/\/www.adavaveiro.org\/wp-content\/uploads\/2011\/10\/bebes-7000-milhoes-300x199.jpg 300w, https:\/\/www.adavaveiro.org\/wp-content\/uploads\/2011\/10\/bebes-7000-milhoes.jpg 350w\" sizes=\"auto, (max-width: 260px) 100vw, 260px\" \/><\/a><br \/>\nEstes dados resultam do teste do pezinho, um rastreio que \u00e9 feito a todos os rec\u00e9m-nascidos. Entre janeiro e junho de 2012 foram realizados 43870 diagn\u00f3sticos em Portugal.<br \/>\nA manter-se esta tend\u00eancia, este ano pode entrar para a hist\u00f3ria como o pior de sempre em n\u00famero de nascimentos.<\/span><\/p>\n<p>in http:\/\/www.paisefilhos.pt\/index.php\/actualidade\/noticias\/5178-menos-quatro-mil-bebes-no-primeiro-semestre-<\/p>\n<p>Veja mais informa\u00e7\u00f5es <a href=\"http:\/\/www.tvi.iol.pt\/videos\/13660565\" target=\"_blank\">TVI<\/a> <a href=\"http:\/\/www.rtp.pt\/noticias\/index.php?article=567971&amp;tm=8&amp;layout=123&amp;visual=61\" target=\"_blank\">RTP<\/a><\/p>\n<header>\n<h3><span style=\"color: #000000;\">RTP:<br \/>\nNasceram menos quatro mil beb\u00e9s no primeiro semestre do ano<\/span><\/h3>\n<p><time datetime=\"2012-07-31T14:50:41+01:00\"> <span style=\"color: #000000;\">A<\/span><span style=\"color: #000000;\">lexandra Sofia Costa<\/span> 05 Jul, 2012, 08:23 \/ atualizado em 05 Jul, 2012, 09:38 <\/time><\/p>\n<\/header>\n<h3><span style=\"color: #000000;\">Nos primeiros seis meses deste ano nasceram menos 4009 beb\u00e9s do que em igual per\u00edodo de 2011.<\/span><\/h3>\n<p><span style=\"color: #000000;\">Esta informa\u00e7\u00e3o \u00e9 avan\u00e7ada pelo Di\u00e1rio de Not\u00edcias e resulta do teste do pezinho, um rastreio que \u00e9 feito a todos os rec\u00e9m-nascidos. Entre janeiro e junho de 2012 foram realizados 43870 diagn\u00f3sticos em Portugal.<\/span><br \/>\n<span style=\"color: #000000;\"> A manter-se esta tend\u00eancia, este ano pode entrar para a hist\u00f3ria como o pior de sempre em n\u00famero de nascimentos.<\/span><br \/>\n<span style=\"color: #000000;\">(com Sandra Henriques)<\/span><\/p>\n<p>in http:\/\/www.rtp.pt\/noticias\/index.php?article=567971&amp;tm=8&amp;layout=123&amp;visual=61<\/p>\n","protected":false},"excerpt":{"rendered":"<p>Segundo informa\u00e7\u00e3o de 5 de julho de 2012, entre janeiro e junho, nasceram pouco mais de 43 mil beb\u00e9s, menos quatro mil que em igual per\u00edodo de 2011, segundo dados revelados pelo DN. O n\u00famero de nascimentos em Portugal poder\u00e1 &hellip; <a href=\"https:\/\/www.adavaveiro.org\/?p=2578\">Continuar a ler <span class=\"meta-nav\">&rarr;<\/span><\/a><\/p>\n","protected":false},"author":1,"featured_media":0,"comment_status":"closed","ping_status":"open","sticky":false,"template":"","format":"standard","meta":{"footnotes":""},"categories":[20,9],"tags":[],"class_list":["post-2578","post","type-post","status-publish","format-standard","hentry","category-informacao","category-refletir"],"_links":{"self":[{"href":"https:\/\/www.adavaveiro.org\/index.php?rest_route=\/wp\/v2\/posts\/2578","targetHints":{"allow":["GET"]}}],"collection":[{"href":"https:\/\/www.adavaveiro.org\/index.php?rest_route=\/wp\/v2\/posts"}],"about":[{"href":"https:\/\/www.adavaveiro.org\/index.php?rest_route=\/wp\/v2\/types\/post"}],"author":[{"embeddable":true,"href":"https:\/\/www.adavaveiro.org\/index.php?rest_route=\/wp\/v2\/users\/1"}],"replies":[{"embeddable":true,"href":"https:\/\/www.adavaveiro.org\/index.php?rest_route=%2Fwp%2Fv2%2Fcomments&post=2578"}],"version-history":[{"count":13,"href":"https:\/\/www.adavaveiro.org\/index.php?rest_route=\/wp\/v2\/posts\/2578\/revisions"}],"predecessor-version":[{"id":2601,"href":"https:\/\/www.adavaveiro.org\/index.php?rest_route=\/wp\/v2\/posts\/2578\/revisions\/2601"}],"wp:attachment":[{"href":"https:\/\/www.adavaveiro.org\/index.php?rest_route=%2Fwp%2Fv2%2Fmedia&parent=2578"}],"wp:term":[{"taxonomy":"category","embeddable":true,"href":"https:\/\/www.adavaveiro.org\/index.php?rest_route=%2Fwp%2Fv2%2Fcategories&post=2578"},{"taxonomy":"post_tag","embeddable":true,"href":"https:\/\/www.adavaveiro.org\/index.php?rest_route=%2Fwp%2Fv2%2Ftags&post=2578"}],"curies":[{"name":"wp","href":"https:\/\/api.w.org\/{rel}","templated":true}]}}