{"id":2591,"date":"2012-07-31T17:32:09","date_gmt":"2012-07-31T17:32:09","guid":{"rendered":"http:\/\/www.adavaveiro.org\/?p=2591"},"modified":"2012-09-16T19:46:18","modified_gmt":"2012-09-16T19:46:18","slug":"adav-no-diario-de-aveiro","status":"publish","type":"post","link":"https:\/\/www.adavaveiro.org\/?p=2591","title":{"rendered":"ADAV no Di\u00e1rio de Aveiro"},"content":{"rendered":"<p style=\"text-align: center;\"><strong><span style=\"color: #800000;\">No dia 27 de julho, o Di\u00e1rio de Aveiro publicou uma reportagem sobre a ADAV com Lu\u00eds Silva e a Fernanda Capit\u00e3o, respetivamente o Presidente da Direc\u00e7\u00e3o e a respons\u00e1vel pelas equipas de volunt\u00e1rias e pelo atendimento.<\/span><\/strong><\/p>\n<p><a href=\"http:\/\/www.adavaveiro.org\/?attachment_id=2592\" rel=\"attachment wp-att-2592\"><img loading=\"lazy\" decoding=\"async\" class=\"aligncenter size-thumbnail wp-image-2592\" title=\"adav2\" src=\"http:\/\/www.adavaveiro.org\/wp-content\/uploads\/2012\/07\/adav2-260x244.jpg\" alt=\"\" width=\"260\" height=\"244\" srcset=\"https:\/\/www.adavaveiro.org\/wp-content\/uploads\/2012\/07\/adav2-260x244.jpg 260w, https:\/\/www.adavaveiro.org\/wp-content\/uploads\/2012\/07\/adav2-300x281.jpg 300w, https:\/\/www.adavaveiro.org\/wp-content\/uploads\/2012\/07\/adav2-1024x961.jpg 1024w\" sizes=\"auto, (max-width: 260px) 100vw, 260px\" \/><\/a><\/p>\n<p style=\"text-align: center;\"><strong><span style=\"color: #800000;\">Parab\u00e9ns pelo trabalho desenvolvido e votos de que mais pessoas se envolvam no apoio \u00e0s fam\u00edlias carenciadas que t\u00eam a seu cargo beb\u00e9s.<\/span><\/strong><\/p>\n","protected":false},"excerpt":{"rendered":"<p>No dia 27 de julho, o Di\u00e1rio de Aveiro publicou uma reportagem sobre a ADAV com Lu\u00eds Silva e a Fernanda Capit\u00e3o, respetivamente o Presidente da Direc\u00e7\u00e3o e a respons\u00e1vel pelas equipas de volunt\u00e1rias e pelo atendimento. Parab\u00e9ns pelo trabalho &hellip; <a href=\"https:\/\/www.adavaveiro.org\/?p=2591\">Continuar a ler <span class=\"meta-nav\">&rarr;<\/span><\/a><\/p>\n","protected":false},"author":1,"featured_media":0,"comment_status":"closed","ping_status":"open","sticky":false,"template":"","format":"standard","meta":{"footnotes":""},"categories":[11],"tags":[],"class_list":["post-2591","post","type-post","status-publish","format-standard","hentry","category-entrevista"],"_links":{"self":[{"href":"https:\/\/www.adavaveiro.org\/index.php?rest_route=\/wp\/v2\/posts\/2591","targetHints":{"allow":["GET"]}}],"collection":[{"href":"https:\/\/www.adavaveiro.org\/index.php?rest_route=\/wp\/v2\/posts"}],"about":[{"href":"https:\/\/www.adavaveiro.org\/index.php?rest_route=\/wp\/v2\/types\/post"}],"author":[{"embeddable":true,"href":"https:\/\/www.adavaveiro.org\/index.php?rest_route=\/wp\/v2\/users\/1"}],"replies":[{"embeddable":true,"href":"https:\/\/www.adavaveiro.org\/index.php?rest_route=%2Fwp%2Fv2%2Fcomments&post=2591"}],"version-history":[{"count":8,"href":"https:\/\/www.adavaveiro.org\/index.php?rest_route=\/wp\/v2\/posts\/2591\/revisions"}],"predecessor-version":[{"id":2616,"href":"https:\/\/www.adavaveiro.org\/index.php?rest_route=\/wp\/v2\/posts\/2591\/revisions\/2616"}],"wp:attachment":[{"href":"https:\/\/www.adavaveiro.org\/index.php?rest_route=%2Fwp%2Fv2%2Fmedia&parent=2591"}],"wp:term":[{"taxonomy":"category","embeddable":true,"href":"https:\/\/www.adavaveiro.org\/index.php?rest_route=%2Fwp%2Fv2%2Fcategories&post=2591"},{"taxonomy":"post_tag","embeddable":true,"href":"https:\/\/www.adavaveiro.org\/index.php?rest_route=%2Fwp%2Fv2%2Ftags&post=2591"}],"curies":[{"name":"wp","href":"https:\/\/api.w.org\/{rel}","templated":true}]}}